{"id":67979,"date":"2022-08-23T19:27:55","date_gmt":"2022-08-23T19:27:55","guid":{"rendered":"https:\/\/jorgezanoni.com.br\/2019\/?p=67979"},"modified":"2022-08-23T19:27:55","modified_gmt":"2022-08-23T19:27:55","slug":"policia-civil-realiza-operacao-interestadual-medusa-e-prende-acusado-de-estuprar-e-roubar-vitima-em-dracena","status":"publish","type":"post","link":"https:\/\/jorgezanoni.com.br\/2019\/policia-civil-realiza-operacao-interestadual-medusa-e-prende-acusado-de-estuprar-e-roubar-vitima-em-dracena\/","title":{"rendered":"Pol\u00edcia Civil realiza opera\u00e7\u00e3o interestadual &#8220;MEDUSA&#8221; e prende acusado de estuprar e roubar v\u00edtima em Dracena"},"content":{"rendered":"<p style=\"text-align: justify;\"><strong>A a\u00e7\u00e3o deflagrada pela Pol\u00edcia Civil de S\u00e3o Paulo em conjunto com a GINPOL (Ger\u00eancia de Intelig\u00eancia Policial) da Pol\u00edcia Civil do Estado de Alagoas, resultou na pris\u00e3o do acusado, hoje, na cidade de Arapiraca-Al. O suspeito ser\u00e1 recambiado em data oportuna para Dracena, local onde ocorreu o crime.<\/strong><\/p>\n<p style=\"text-align: justify;\">A Pol\u00edcia Civil do Estado de S\u00e3o Paulo, por interm\u00e9dio da DIG\/DISE de Dracena\/SP (Delegacia de Pol\u00edcia de Investiga\u00e7\u00f5es Gerais &#8211; DIG e Delegacia de Pol\u00edcia de Investiga\u00e7\u00e3o Sobre Entorpecentes &#8211; DISE), com o apoio operacional da GINPOL (Ger\u00eancia de Intelig\u00eancia Policial) da Pol\u00edcia Civil do Estado de Alagoas\/AL, prendeu nesta ter\u00e7a-feira (23), na cidade de Arapiraca-AL, um homem, de 49 anos, acusado dos crimes de estupro e roubo, ocorrido no m\u00eas de julho passado, em Dracena.<\/p>\n<p style=\"text-align: justify;\">O crime ocorreu no dia 22 de julho, no munic\u00edpio de Dracena, e vitimou um casal. Al\u00e9m de subtrair pertences das v\u00edtimas, um suspeito mediante amea\u00e7a e for\u00e7a f\u00edsica estuprou a mulher no interior do im\u00f3vel.<\/p>\n<p style=\"text-align: justify;\">Ap\u00f3s o registro do fato, de imediato, a Pol\u00edcia Civil instaurou o respectivo inqu\u00e9rito policial, iniciando os trabalhos investigativos de campo e de intelig\u00eancia, coletando informa\u00e7\u00f5es e ind\u00edcios suficientes da participa\u00e7\u00e3o do suspeito no crime. Diante disto, o Delegado de Pol\u00edcia que preside a investiga\u00e7\u00e3o policial, ofertou representa\u00e7\u00e3o visando a decreta\u00e7\u00e3o da pris\u00e3o tempor\u00e1ria do acusado, que foi deferida pela 3\u00aa Vara Criminal da Comarca de Dracena.<\/p>\n<p style=\"text-align: justify;\">A pris\u00e3o ocorreu nesta ter\u00e7a-feira (23), na cidade de Arapiraca, Estado de Alagoas\/AL, local para onde o suspeito evadiu-se ap\u00f3s ter praticado os crimes em Dracena\/SP.<\/p>\n<p style=\"text-align: justify;\">A Pol\u00edcia Civil providenciar\u00e1 a transfer\u00eancia do para Dracena\/SP, onde as investiga\u00e7\u00f5es ter\u00e3o continuidade visando o seu formal indiciamento e outras dilig\u00eancias ainda em curso, bem como se houve ou n\u00e3o a participa\u00e7\u00e3o de outro indiv\u00edduo no delito.<\/p>\n<p style=\"text-align: justify;\">A acusado preso, em Arapiraca\/AL, j\u00e1 possui antecedentes criminais por crimes de porte ilegal de armas, recepta\u00e7\u00e3o e furto, nos estados de S\u00e3o Paulo e Alagoas.<\/p>\n<p style=\"text-align: justify;\">A a\u00e7\u00e3o operacional foi denominada \u201cMedusa\u201d em alus\u00e3o ao personagem da mitologia grega, que nem sempre foi um temido monstro, representado por uma mulher com serpentes em vez de cabelos, presas de bronze e asas de ouro, cujo olhar transformava suas v\u00edtimas em pedra. Antes disso, \u201cMedusa\u201d era uma bela mulher, que foi estuprada pelo poderoso Deus Poseidon no templo da Deusa Atena, mas em vez de Poseidon ser punido, Medusa foi culpada por Atena por profanar seu espa\u00e7o sagrado.<\/p>\n<p style=\"text-align: justify;\">Fonte: Com. Social Pol\u00edcia Civil<\/p>\n","protected":false},"excerpt":{"rendered":"<p>A a\u00e7\u00e3o deflagrada pela Pol\u00edcia Civil de S\u00e3o Paulo em conjunto com a GINPOL (Ger\u00eancia de Intelig\u00eancia Policial) da Pol\u00edcia Civil do Estado de Alagoas, resultou na pris\u00e3o do acusado, hoje, na cidade de Arapiraca-Al. O suspeito ser\u00e1 recambiado em data oportuna para Dracena, local onde ocorreu o crime. A Pol\u00edcia Civil do Estado de [&hellip;]<\/p>\n","protected":false},"author":1,"featured_media":67980,"comment_status":"closed","ping_status":"open","sticky":false,"template":"","format":"standard","meta":{"footnotes":""},"categories":[110,2],"tags":[],"class_list":["post-67979","post","type-post","status-publish","format-standard","has-post-thumbnail","hentry","category-noticiasdestaque","category-policial"],"_links":{"self":[{"href":"https:\/\/jorgezanoni.com.br\/2019\/wp-json\/wp\/v2\/posts\/67979","targetHints":{"allow":["GET"]}}],"collection":[{"href":"https:\/\/jorgezanoni.com.br\/2019\/wp-json\/wp\/v2\/posts"}],"about":[{"href":"https:\/\/jorgezanoni.com.br\/2019\/wp-json\/wp\/v2\/types\/post"}],"author":[{"embeddable":true,"href":"https:\/\/jorgezanoni.com.br\/2019\/wp-json\/wp\/v2\/users\/1"}],"replies":[{"embeddable":true,"href":"https:\/\/jorgezanoni.com.br\/2019\/wp-json\/wp\/v2\/comments?post=67979"}],"version-history":[{"count":1,"href":"https:\/\/jorgezanoni.com.br\/2019\/wp-json\/wp\/v2\/posts\/67979\/revisions"}],"predecessor-version":[{"id":67981,"href":"https:\/\/jorgezanoni.com.br\/2019\/wp-json\/wp\/v2\/posts\/67979\/revisions\/67981"}],"wp:featuredmedia":[{"embeddable":true,"href":"https:\/\/jorgezanoni.com.br\/2019\/wp-json\/wp\/v2\/media\/67980"}],"wp:attachment":[{"href":"https:\/\/jorgezanoni.com.br\/2019\/wp-json\/wp\/v2\/media?parent=67979"}],"wp:term":[{"taxonomy":"category","embeddable":true,"href":"https:\/\/jorgezanoni.com.br\/2019\/wp-json\/wp\/v2\/categories?post=67979"},{"taxonomy":"post_tag","embeddable":true,"href":"https:\/\/jorgezanoni.com.br\/2019\/wp-json\/wp\/v2\/tags?post=67979"}],"curies":[{"name":"wp","href":"https:\/\/api.w.org\/{rel}","templated":true}]}}