{"id":67968,"date":"2022-08-23T14:18:50","date_gmt":"2022-08-23T14:18:50","guid":{"rendered":"https:\/\/jorgezanoni.com.br\/2019\/?p=67968"},"modified":"2022-08-23T19:04:38","modified_gmt":"2022-08-23T19:04:38","slug":"em-regime-de-urgencia-camara-aprova-aumento-de-subsidio-do-prefeito-vice-e-secretarios","status":"publish","type":"post","link":"https:\/\/jorgezanoni.com.br\/2019\/em-regime-de-urgencia-camara-aprova-aumento-de-subsidio-do-prefeito-vice-e-secretarios\/","title":{"rendered":"Em regime de urg\u00eancia C\u00e2mara de Dracena aprova aumento de subsidio do prefeito, vice e secret\u00e1rios."},"content":{"rendered":"<p style=\"text-align: justify;\"><strong>Em REGIME DE URG\u00caNCIA, a C\u00e2mara Municipal de Dracena, aprovou na sess\u00e3o ordin\u00e1ria de ontem (22) em VOTA\u00c7\u00c3O \u00daNICA, projeto que aprova aumento de subsidio do Prefeito, Vice-prefeito e Secret\u00e1rios. O \u00fanico voto contr\u00e1rio foi do Vereador J\u00falio C\u00e9sar Monteiro.\u00a0<\/strong><\/p>\n<p style=\"text-align: justify;\">Ap\u00f3s a lei ser aprovada, entra em vigor.<\/p>\n<p><strong>VEJA A \u00cdNTEGRA DA APROVA\u00c7\u00c3O:<\/strong><\/p>\n<p style=\"text-align: justify;\">C\u00e2mara Municipal de Dracena<br \/>\nRua Princesa Isabel, 1635 &lt;&gt; Centro<br \/>\nCEP \u2014 17900-000 &lt;&gt; Dracena &#8211; SP<br \/>\nTelefones\/fax.: (0xx18) 3821-1800\/3821-5923<br \/>\ne-mail: secretaria@camaradracena.sp.gov.br<br \/>\nsite: http:\/\/vvww.camaradracena.sp.gov.br<br \/>\nPROJETO DE LEI N.\u00b0 064 &#8211; DE 18 DE AGOSTO DE 2022<br \/>\nDisp\u00f5e sobre o subsidio do Prefeito e Vice-prefeito e dos Secret\u00e1rios Municipal para o exerc\u00edcio financeiro de 2022.<br \/>\nA C\u00c2MARA MUNICIPAL DE DRACENA aprova a seguinte<br \/>\nLEI:<br \/>\nArtigo 1\u00b0 &#8211; Por for\u00e7a do artigo 28, inciso XVIII, da Lei Org\u00e2nica Municipal, os subs\u00eddios do Prefeito e Vice-Prefeito e dos Secret\u00e1rios Municipais ficam fixados, para o exerc\u00edcio de 2022, na seguinte conformidade:<br \/>\nI &#8211; Prefeito: R$ 21.514,06 (vinte e um mil e quinhentos e quatorze reais e seis centavos);<br \/>\nII &#8211; Vice-Prefeito: R$ 8.605,60 (oito mil seiscentos e cinco reais e sessenta centavos); e<br \/>\nIII &#8211; Secret\u00e1rios Municipais: R$ 8.605,60 (oito mil seiscentos e cinco reais e sessenta centavos).<br \/>\nArtigo 2\u00b0 &#8211; As despesas decorrentes da execu\u00e7\u00e3o desta lei correr\u00e3o A conta de dota\u00e7\u00f5es or\u00e7ament\u00e1rias pr\u00f3prias, consignadas no or\u00e7amento vigente.<br \/>\nArtigo 3\u00b0- Esta lei entra em vigor na data de sua publica\u00e7\u00e3o.<br \/>\nC\u00c2MARA MUNICIPAL DE DRACENA<br \/>\nDracena, 18 de agosto de 2022.<br \/>\nPELA COMISS\u00c3O DE FINAN\u00c7AS E OR\u00c7AMENTO:<\/p>\n<p style=\"text-align: justify;\">Victor Silva Almeida Palhares &#8211; Presidente e Relator<\/p>\n<p style=\"text-align: justify;\">Maria Ap. da Silva Gasques Mateus &#8211; Vice Presidente<\/p>\n<p style=\"text-align: justify;\">C\u00e9lio Antonio Ferregutti &#8211; Membro<\/p>\n<p>CM &#8211; 75\/2022<\/p>\n<p><strong>Justificativa<\/strong><br \/>\n0 presente projeto de lei visa a dar cumprimento ao disposto no inciso V, do art. 29, da CF 88, bem como o inciso V do artigo 20 da Constitui\u00e7\u00e3o Paulista, o qual determina que a fixa\u00e7\u00e3o dos subs\u00eddios do Governador, do Vice-Governador, e dos Secret\u00e1rios de Estado, seja efetuada para cada exerc\u00edcio financeiro.<br \/>\nAssim, com fulcro na compet\u00eancia de iniciativa atribu\u00edda.<\/p>\n<p>A<br \/>\nC\u00e2mara de Vereadores, apresentamos essa propositura.<br \/>\nC\u00c2MARA MUNICIPAL DE DRACENA<br \/>\nDracena, 18 de agosto de 2022.<br \/>\nPELA COMISS\u00c3O DE FINAN\u00c7AS E OR\u00c7AMENTO:<br \/>\nVictor Silva Almeida Palhares \u2014 Presidente e Relator<br \/>\nMaria Ap. da Silva tasques Mateus \u2014 Vice-Presidente<br \/>\nC\u00e9lio Antonio Ferregutti &#8211; Membro<\/p>\n<p><strong>NOTA:<\/strong><\/p>\n<p>Em janeiro j\u00e1 havia sido votado esse subsidio, juntamente com o aumento dos Servidores Municipais de Dracena.<\/p>\n<p style=\"text-align: justify;\">No dia 26 de julho o &#8220;TRIBUNAL DE JUSTI\u00c7A CONCEDEU LIMINAR CONTRA A ELEVA\u00c7\u00c3O NOS SUBS\u00cdDIOS&#8221; votados em Janeiro. VEJA A MAT\u00c9RIA COMPLETA NO LINK: https:\/\/jorgezanoni.com.br\/2019\/2022\/07\/30\/tribunal-de-justica-concede-liminar-contra-elevacao-nos-subsidios-do-prefeito-vice-e-secretarios-de-dracena\/<\/p>\n<p>Jorge Zanoni<\/p>\n<p>Imagem Arquivo<\/p>\n","protected":false},"excerpt":{"rendered":"<p>Em REGIME DE URG\u00caNCIA, a C\u00e2mara Municipal de Dracena, aprovou na sess\u00e3o ordin\u00e1ria de ontem (22) em VOTA\u00c7\u00c3O \u00daNICA, projeto que aprova aumento de subsidio do Prefeito, Vice-prefeito e Secret\u00e1rios. O \u00fanico voto contr\u00e1rio foi do Vereador J\u00falio C\u00e9sar Monteiro.\u00a0 Ap\u00f3s a lei ser aprovada, entra em vigor. VEJA A \u00cdNTEGRA DA APROVA\u00c7\u00c3O: C\u00e2mara Municipal [&hellip;]<\/p>\n","protected":false},"author":1,"featured_media":67970,"comment_status":"closed","ping_status":"open","sticky":false,"template":"","format":"standard","meta":{"footnotes":""},"categories":[110,116],"tags":[],"class_list":["post-67968","post","type-post","status-publish","format-standard","has-post-thumbnail","hentry","category-noticiasdestaque","category-politicaeeconomia"],"_links":{"self":[{"href":"https:\/\/jorgezanoni.com.br\/2019\/wp-json\/wp\/v2\/posts\/67968","targetHints":{"allow":["GET"]}}],"collection":[{"href":"https:\/\/jorgezanoni.com.br\/2019\/wp-json\/wp\/v2\/posts"}],"about":[{"href":"https:\/\/jorgezanoni.com.br\/2019\/wp-json\/wp\/v2\/types\/post"}],"author":[{"embeddable":true,"href":"https:\/\/jorgezanoni.com.br\/2019\/wp-json\/wp\/v2\/users\/1"}],"replies":[{"embeddable":true,"href":"https:\/\/jorgezanoni.com.br\/2019\/wp-json\/wp\/v2\/comments?post=67968"}],"version-history":[{"count":7,"href":"https:\/\/jorgezanoni.com.br\/2019\/wp-json\/wp\/v2\/posts\/67968\/revisions"}],"predecessor-version":[{"id":67978,"href":"https:\/\/jorgezanoni.com.br\/2019\/wp-json\/wp\/v2\/posts\/67968\/revisions\/67978"}],"wp:featuredmedia":[{"embeddable":true,"href":"https:\/\/jorgezanoni.com.br\/2019\/wp-json\/wp\/v2\/media\/67970"}],"wp:attachment":[{"href":"https:\/\/jorgezanoni.com.br\/2019\/wp-json\/wp\/v2\/media?parent=67968"}],"wp:term":[{"taxonomy":"category","embeddable":true,"href":"https:\/\/jorgezanoni.com.br\/2019\/wp-json\/wp\/v2\/categories?post=67968"},{"taxonomy":"post_tag","embeddable":true,"href":"https:\/\/jorgezanoni.com.br\/2019\/wp-json\/wp\/v2\/tags?post=67968"}],"curies":[{"name":"wp","href":"https:\/\/api.w.org\/{rel}","templated":true}]}}