{"id":67946,"date":"2022-08-23T01:02:10","date_gmt":"2022-08-23T01:02:10","guid":{"rendered":"https:\/\/jorgezanoni.com.br\/2019\/?p=67946"},"modified":"2022-08-23T01:02:10","modified_gmt":"2022-08-23T01:02:10","slug":"caminhao-cai-no-corrego-marrecas-na-sp-563-em-dracena","status":"publish","type":"post","link":"https:\/\/jorgezanoni.com.br\/2019\/caminhao-cai-no-corrego-marrecas-na-sp-563-em-dracena\/","title":{"rendered":"Caminh\u00e3o cai no C\u00f3rrego Marrecas na SP-563 em Dracena"},"content":{"rendered":"<p style=\"text-align: justify;\">Acidente foi registrado na Rodovia General Euclides de Oliveira Figueiredo, SP-563.<\/p>\n<p style=\"text-align: justify;\">Por volta das 14:20 Horas desta segunda-feira (22), por motivos a serem apurados, o condutos de um caminh\u00e3o perdeu o controlo de dire\u00e7\u00e3o, caindo a esquerda de sua m\u00e3o de dire\u00e7\u00e3o no trecho entre Tupi Paulista e Ouro Verde, munic\u00edpio de Dracena, local conhecido como ponte das Marrecas.<\/p>\n<p style=\"text-align: justify;\">O motorista morador do Estado da Bahia que seguia para o Paran\u00e1, perdeu o controle de dire\u00e7\u00e3o, cruzou a pista e caiu de cima da ponte quase dentro do C\u00f3rrego das Marrecas.<\/p>\n<p style=\"text-align: justify;\">Uma unidade de Resgate dos Bombeiros compareceu ao local e socorreu o motorista at\u00e9 o Pronto Atendimento Municipal de Dracena, onde o mesmo ficou em observa\u00e7\u00e3o.<\/p>\n<p style=\"text-align: justify;\">As Pol\u00edcias Rodovi\u00e1ria e T\u00e9cnica compareceram ao local para os devidos procedimentos<\/p>\n<p><img loading=\"lazy\" decoding=\"async\" class=\"alignnone size-full wp-image-67948\" src=\"https:\/\/jorgezanoni.com.br\/2019\/wp-content\/uploads\/2022\/08\/marre1.jpg\" alt=\"\" width=\"500\" height=\"281\" srcset=\"https:\/\/jorgezanoni.com.br\/2019\/wp-content\/uploads\/2022\/08\/marre1.jpg 500w, https:\/\/jorgezanoni.com.br\/2019\/wp-content\/uploads\/2022\/08\/marre1-300x169.jpg 300w\" sizes=\"auto, (max-width: 500px) 100vw, 500px\" \/> <img loading=\"lazy\" decoding=\"async\" class=\"alignnone size-full wp-image-67949\" src=\"https:\/\/jorgezanoni.com.br\/2019\/wp-content\/uploads\/2022\/08\/marre2.jpg\" alt=\"\" width=\"500\" height=\"281\" srcset=\"https:\/\/jorgezanoni.com.br\/2019\/wp-content\/uploads\/2022\/08\/marre2.jpg 500w, https:\/\/jorgezanoni.com.br\/2019\/wp-content\/uploads\/2022\/08\/marre2-300x169.jpg 300w\" sizes=\"auto, (max-width: 500px) 100vw, 500px\" \/> <img loading=\"lazy\" decoding=\"async\" class=\"alignnone size-full wp-image-67950\" src=\"https:\/\/jorgezanoni.com.br\/2019\/wp-content\/uploads\/2022\/08\/marre3.jpg\" alt=\"\" width=\"500\" height=\"281\" srcset=\"https:\/\/jorgezanoni.com.br\/2019\/wp-content\/uploads\/2022\/08\/marre3.jpg 500w, https:\/\/jorgezanoni.com.br\/2019\/wp-content\/uploads\/2022\/08\/marre3-300x169.jpg 300w\" sizes=\"auto, (max-width: 500px) 100vw, 500px\" \/> <img loading=\"lazy\" decoding=\"async\" class=\"alignnone size-full wp-image-67951\" src=\"https:\/\/jorgezanoni.com.br\/2019\/wp-content\/uploads\/2022\/08\/marre4.jpg\" alt=\"\" width=\"500\" height=\"281\" srcset=\"https:\/\/jorgezanoni.com.br\/2019\/wp-content\/uploads\/2022\/08\/marre4.jpg 500w, https:\/\/jorgezanoni.com.br\/2019\/wp-content\/uploads\/2022\/08\/marre4-300x169.jpg 300w\" sizes=\"auto, (max-width: 500px) 100vw, 500px\" \/><\/p>\n<p style=\"text-align: justify;\">Fonte: Panorama Not\u00edcias<\/p>\n<p style=\"text-align: justify;\">Comp. Jorge Zanoni<\/p>\n<div class=\"m8h3af8h l7ghb35v kjdc1dyq kmwttqpk gh25dzvf n3t5jt4f\"><\/div>\n<div class=\"l7ghb35v kjdc1dyq kmwttqpk gh25dzvf jikcssrz n3t5jt4f\">\n<div dir=\"auto\"><\/div>\n<\/div>\n","protected":false},"excerpt":{"rendered":"<p>Acidente foi registrado na Rodovia General Euclides de Oliveira Figueiredo, SP-563. Por volta das 14:20 Horas desta segunda-feira (22), por motivos a serem apurados, o condutos de um caminh\u00e3o perdeu o controlo de dire\u00e7\u00e3o, caindo a esquerda de sua m\u00e3o de dire\u00e7\u00e3o no trecho entre Tupi Paulista e Ouro Verde, munic\u00edpio de Dracena, local conhecido [&hellip;]<\/p>\n","protected":false},"author":1,"featured_media":67952,"comment_status":"closed","ping_status":"open","sticky":false,"template":"","format":"standard","meta":{"footnotes":""},"categories":[170,110],"tags":[],"class_list":["post-67946","post","type-post","status-publish","format-standard","has-post-thumbnail","hentry","category-acidentes","category-noticiasdestaque"],"_links":{"self":[{"href":"https:\/\/jorgezanoni.com.br\/2019\/wp-json\/wp\/v2\/posts\/67946","targetHints":{"allow":["GET"]}}],"collection":[{"href":"https:\/\/jorgezanoni.com.br\/2019\/wp-json\/wp\/v2\/posts"}],"about":[{"href":"https:\/\/jorgezanoni.com.br\/2019\/wp-json\/wp\/v2\/types\/post"}],"author":[{"embeddable":true,"href":"https:\/\/jorgezanoni.com.br\/2019\/wp-json\/wp\/v2\/users\/1"}],"replies":[{"embeddable":true,"href":"https:\/\/jorgezanoni.com.br\/2019\/wp-json\/wp\/v2\/comments?post=67946"}],"version-history":[{"count":1,"href":"https:\/\/jorgezanoni.com.br\/2019\/wp-json\/wp\/v2\/posts\/67946\/revisions"}],"predecessor-version":[{"id":67954,"href":"https:\/\/jorgezanoni.com.br\/2019\/wp-json\/wp\/v2\/posts\/67946\/revisions\/67954"}],"wp:featuredmedia":[{"embeddable":true,"href":"https:\/\/jorgezanoni.com.br\/2019\/wp-json\/wp\/v2\/media\/67952"}],"wp:attachment":[{"href":"https:\/\/jorgezanoni.com.br\/2019\/wp-json\/wp\/v2\/media?parent=67946"}],"wp:term":[{"taxonomy":"category","embeddable":true,"href":"https:\/\/jorgezanoni.com.br\/2019\/wp-json\/wp\/v2\/categories?post=67946"},{"taxonomy":"post_tag","embeddable":true,"href":"https:\/\/jorgezanoni.com.br\/2019\/wp-json\/wp\/v2\/tags?post=67946"}],"curies":[{"name":"wp","href":"https:\/\/api.w.org\/{rel}","templated":true}]}}