{"id":6792,"date":"2019-09-21T00:30:34","date_gmt":"2019-09-21T00:30:34","guid":{"rendered":"https:\/\/jorgezanoni.com.br\/2019\/?p=6792"},"modified":"2019-09-21T00:30:34","modified_gmt":"2019-09-21T00:30:34","slug":"unifadra-participa-de-congresso-de-psicologia-escolar-e-educacional","status":"publish","type":"post","link":"https:\/\/jorgezanoni.com.br\/2019\/unifadra-participa-de-congresso-de-psicologia-escolar-e-educacional\/","title":{"rendered":"Unifadra participa de Congresso de Psicologia Escolar e Educacional"},"content":{"rendered":"<p style=\"font-weight: 400; text-align: justify;\">O curso de Psicologia da Unifadra\/Fundec marcou presen\u00e7a no XIV Congresso Nacional de Psicologia Escolar e Educacional \u2013 CONPE, em Campo Grande\/MS, de 28 a 31 de agosto. A Profa. La\u00edzi da Silva Santos e a aluna Vit\u00f3ria Demarque Medeiros estiveram no congresso que teve como tema Educa\u00e7\u00e3o, Inclus\u00e3o e Direitos Humanos: interlocu\u00e7\u00f5es com a psicologia escolar e educacional.<\/p>\n<p style=\"font-weight: 400; text-align: justify;\">Na oportunidade, foram discutidas estrat\u00e9gias de enfrentamento da situa\u00e7\u00e3o atual dos processos educativos em nosso pa\u00eds, de como fortalecer as pol\u00edticas p\u00fablicas, garantindo uma escola que respeite os direitos humanos e consiga o ideal de inclus\u00e3o. Foram proporcionados f\u00f3runs, simp\u00f3sios, minicursos e compartilhamento de experi\u00eancias, assim como houve o lan\u00e7amento da refer\u00eancia t\u00e9cnica para atua\u00e7\u00e3o do psic\u00f3logo na educa\u00e7\u00e3o b\u00e1sica.<\/p>\n<p style=\"font-weight: 400; text-align: justify;\">A Professora La\u00edzi da Silva Santos apresentou o minicurso \u201cMetodologias Ativas como dispositivo de enfrentamento da desmotiva\u00e7\u00e3o escolar\u201d, que contou com a participa\u00e7\u00e3o de professores e psic\u00f3logos de diversos estados brasileiros. A aluna Vit\u00f3ria Demarque Medeiros (10\u00ba termo de Psicologia da Unifadra), juntamente com a professora La\u00edzi, apresentou na categoria Partilhando Experi\u00eancia o relato \u201cUma proposta de acolhimento e fortalecimento de v\u00ednculo no ambiente escolar\u201d, trabalho embasado no est\u00e1gio em Psicologia Escolar realizado durante o curso.<\/p>\n<p style=\"font-weight: 400; text-align: justify;\">\u201cFoi uma experi\u00eancia enriquecedora, em que pude olhar para minha pr\u00e1tica docente de maneira cr\u00edtica, o que possibilitou novas ideias e um olhar diferente para o aluno de gradua\u00e7\u00e3o. Entrar em contato com profissionais de outras realidades leva-me a crer que estamos no caminho certo na forma\u00e7\u00e3o que estamos oferecendo aqui em nossa regi\u00e3o\u201d, destacou La\u00edzi da Silva Santos.<\/p>\n<p style=\"font-weight: 400; text-align: justify;\">Carolina Colnago<\/p>\n<p style=\"font-weight: 400; text-align: justify;\">Assessora de Comunica\u00e7\u00e3o da Fundec &#8211; Jornalista<\/p>\n<p style=\"text-align: justify;\">Foto: A\u00a0Profa. La\u00edzi da Silva Santos e a aluna Vit\u00f3ria Demarque Medeiros no XIV Congresso Nacional de Psicologia Escolar e Educacional<\/p>\n","protected":false},"excerpt":{"rendered":"<p>O curso de Psicologia da Unifadra\/Fundec marcou presen\u00e7a no XIV Congresso Nacional de Psicologia Escolar e Educacional \u2013 CONPE, em Campo Grande\/MS, de 28 a 31 de agosto. A Profa. La\u00edzi da Silva Santos e a aluna Vit\u00f3ria Demarque Medeiros estiveram no congresso que teve como tema Educa\u00e7\u00e3o, Inclus\u00e3o e Direitos Humanos: interlocu\u00e7\u00f5es com a [&hellip;]<\/p>\n","protected":false},"author":1,"featured_media":6793,"comment_status":"closed","ping_status":"open","sticky":false,"template":"","format":"standard","meta":{"footnotes":""},"categories":[122],"tags":[],"class_list":["post-6792","post","type-post","status-publish","format-standard","has-post-thumbnail","hentry","category-saudeeducacaoeconcurso"],"_links":{"self":[{"href":"https:\/\/jorgezanoni.com.br\/2019\/wp-json\/wp\/v2\/posts\/6792","targetHints":{"allow":["GET"]}}],"collection":[{"href":"https:\/\/jorgezanoni.com.br\/2019\/wp-json\/wp\/v2\/posts"}],"about":[{"href":"https:\/\/jorgezanoni.com.br\/2019\/wp-json\/wp\/v2\/types\/post"}],"author":[{"embeddable":true,"href":"https:\/\/jorgezanoni.com.br\/2019\/wp-json\/wp\/v2\/users\/1"}],"replies":[{"embeddable":true,"href":"https:\/\/jorgezanoni.com.br\/2019\/wp-json\/wp\/v2\/comments?post=6792"}],"version-history":[{"count":0,"href":"https:\/\/jorgezanoni.com.br\/2019\/wp-json\/wp\/v2\/posts\/6792\/revisions"}],"wp:featuredmedia":[{"embeddable":true,"href":"https:\/\/jorgezanoni.com.br\/2019\/wp-json\/wp\/v2\/media\/6793"}],"wp:attachment":[{"href":"https:\/\/jorgezanoni.com.br\/2019\/wp-json\/wp\/v2\/media?parent=6792"}],"wp:term":[{"taxonomy":"category","embeddable":true,"href":"https:\/\/jorgezanoni.com.br\/2019\/wp-json\/wp\/v2\/categories?post=6792"},{"taxonomy":"post_tag","embeddable":true,"href":"https:\/\/jorgezanoni.com.br\/2019\/wp-json\/wp\/v2\/tags?post=6792"}],"curies":[{"name":"wp","href":"https:\/\/api.w.org\/{rel}","templated":true}]}}