{"id":67917,"date":"2022-08-22T14:15:36","date_gmt":"2022-08-22T14:15:36","guid":{"rendered":"https:\/\/jorgezanoni.com.br\/2019\/?p=67917"},"modified":"2022-08-22T14:15:36","modified_gmt":"2022-08-22T14:15:36","slug":"semana-nacional-da-pessoa-com-deficiencia-intelectual-e-multipla-2","status":"publish","type":"post","link":"https:\/\/jorgezanoni.com.br\/2019\/semana-nacional-da-pessoa-com-deficiencia-intelectual-e-multipla-2\/","title":{"rendered":"Semana Nacional da Pessoa com Defici\u00eancia Intelectual e M\u00faltipla"},"content":{"rendered":"<p style=\"text-align: justify;\"><strong>SEMANA NACIONAL DA PESSOA COM DEFICI\u00caNCIA INTELECTUAL E M\u00daLTIPLA CONVIDA SOCIEDADE A SUPERAR BARREIRAS PARA GARANTIR INCLUS\u00c3O.<\/strong><\/p>\n<p style=\"text-align: justify;\">A Associa\u00e7\u00e3o de Pais e Amigos dos Excepcionais \u2013 Escola de Educa\u00e7\u00e3o Especial \u201cProfessor Leuzi Gardini\u201d \u2013 APAE Dracena atende aproximadamente 215 Pessoas com Defici\u00eancia Intelectual, M\u00faltipla e Transtorno do Espectro Autista \u2013 (TEA) nas \u00e1reas da assist\u00eancia social, educa\u00e7\u00e3o e sa\u00fade, enfatiza a necessidade de empenho de toda a popula\u00e7\u00e3o na luta pela elimina\u00e7\u00e3o das barreiras intranspon\u00edveis para garantir a plena inclus\u00e3o das pessoas com defici\u00eancia na sociedade. Neste ano a campanha tem como tema \u201cSuperar barreiras para garantir inclus\u00e3o\u201d. O assunto tem por prop\u00f3sito chamar a aten\u00e7\u00e3o dos brasileiros para frisar que, apesar dos direitos e avan\u00e7os conquistados por meio de legisla\u00e7\u00f5es e pol\u00edticas p\u00fablicas, nas quais a organiza\u00e7\u00e3o atuou na frente, as pessoas com defici\u00eancia ainda sofrem resist\u00eancias mesmo o artigo 4\u00ba da Lei Brasileira de Inclus\u00e3o (LBI) afirmando: \u201cToda pessoa com defici\u00eancia tem direito \u00e0 igualdade de oportunidades com as demais pessoas e n\u00e3o sofrer\u00e1 nenhuma esp\u00e9cie de discrimina\u00e7\u00e3o\u201d. Mas infelizmente, s\u00e3o in\u00fameras as barreiras que impedem a plena inclus\u00e3o de mais de 45 milh\u00f5es de pessoas com defici\u00eancia, colocando-as \u00e0 margem da sociedade. S\u00e3o elas: urban\u00edsticas, arquitet\u00f4nicas, nos transportes, nas comunica\u00e7\u00f5es e na informa\u00e7\u00e3o e as tecnol\u00f3gicas. Por\u00e9m, as que causam maior impacto s\u00e3o as atitudinais, que se referem a atitudes e comportamentos que impedem ou prejudicam a participa\u00e7\u00e3o social da pessoa com defici\u00eancia em igualdade de condi\u00e7\u00f5es e oportunidades com as demais pessoas. Presentes no dia a dia, mesmo em pleno s\u00e9culo 21, essas barreiras s\u00e3o as mais comuns e est\u00e3o firmadas \u2013 sejam expl\u00edcitas ou n\u00e3o, sejam intencionais ou n\u00e3o -, por exemplo, em a\u00e7\u00f5es, omiss\u00f5es e discursos preconceituosos, pejorativos e estigmatizados que, devido \u00e0s suas capacidades de inibir, coibir, oprimir, desencorajar, entre tantos outros fatores negativos, ocasionam a exclus\u00e3o e a segrega\u00e7\u00e3o das pessoas com defici\u00eancia nos ambientes sociais, tais como nas escolas e no mercado de trabalho, e at\u00e9 nos lares. Por isso, refor\u00e7ando sua \u00edmpar miss\u00e3o de levar informa\u00e7\u00e3o e conhecimento e de prezar pelo respeito \u00e2 dignidade da pessoa humana, a APAE convoca a sociedade para se unir em favor do projeto de garantir a plena inclus\u00e3o social das pessoas com defici\u00eancia, fator primordial para garantir verdadeiramente seus direitos e o exerc\u00edcio da cidadania. E para que esse sonho se realize, trabalharemos pela conscientiza\u00e7\u00e3o inclusiva, para que possamos despertar na popula\u00e7\u00e3o n\u00e3o somente uma reflex\u00e3o, mas que se inspire e aja com determina\u00e7\u00e3o para identificar e colocar um ponto final em a\u00e7\u00f5es, comportamentos e concep\u00e7\u00f5es que desagregam e se materializam em muros nas mentes e nos cora\u00e7\u00f5es dos brasileiros. Pois s\u00f3 assim, com a desconstru\u00e7\u00e3o das barreiras, sobretudo em rela\u00e7\u00e3o \u00e0s atitudinais, a partir da disposi\u00e7\u00e3o de toda a sociedade em considerar as necessidades das pessoas com defici\u00eancia, viveremos em um pa\u00eds inclusivo.<br \/>\nJunte-se a n\u00f3s e fa\u00e7a parte dessa mudan\u00e7a!<\/p>\n<p><img loading=\"lazy\" decoding=\"async\" class=\"alignnone size-full wp-image-67919\" src=\"https:\/\/jorgezanoni.com.br\/2019\/wp-content\/uploads\/2022\/08\/apae1.jpg\" alt=\"\" width=\"500\" height=\"364\" srcset=\"https:\/\/jorgezanoni.com.br\/2019\/wp-content\/uploads\/2022\/08\/apae1.jpg 500w, https:\/\/jorgezanoni.com.br\/2019\/wp-content\/uploads\/2022\/08\/apae1-300x218.jpg 300w, https:\/\/jorgezanoni.com.br\/2019\/wp-content\/uploads\/2022\/08\/apae1-324x235.jpg 324w\" sizes=\"auto, (max-width: 500px) 100vw, 500px\" \/><\/p>\n<p>Fonte: APAE<\/p>\n","protected":false},"excerpt":{"rendered":"<p>SEMANA NACIONAL DA PESSOA COM DEFICI\u00caNCIA INTELECTUAL E M\u00daLTIPLA CONVIDA SOCIEDADE A SUPERAR BARREIRAS PARA GARANTIR INCLUS\u00c3O. A Associa\u00e7\u00e3o de Pais e Amigos dos Excepcionais \u2013 Escola de Educa\u00e7\u00e3o Especial \u201cProfessor Leuzi Gardini\u201d \u2013 APAE Dracena atende aproximadamente 215 Pessoas com Defici\u00eancia Intelectual, M\u00faltipla e Transtorno do Espectro Autista \u2013 (TEA) nas \u00e1reas da assist\u00eancia [&hellip;]<\/p>\n","protected":false},"author":1,"featured_media":67918,"comment_status":"closed","ping_status":"open","sticky":false,"template":"","format":"standard","meta":{"footnotes":""},"categories":[114,110],"tags":[],"class_list":["post-67917","post","type-post","status-publish","format-standard","has-post-thumbnail","hentry","category-geralecomercio","category-noticiasdestaque"],"_links":{"self":[{"href":"https:\/\/jorgezanoni.com.br\/2019\/wp-json\/wp\/v2\/posts\/67917","targetHints":{"allow":["GET"]}}],"collection":[{"href":"https:\/\/jorgezanoni.com.br\/2019\/wp-json\/wp\/v2\/posts"}],"about":[{"href":"https:\/\/jorgezanoni.com.br\/2019\/wp-json\/wp\/v2\/types\/post"}],"author":[{"embeddable":true,"href":"https:\/\/jorgezanoni.com.br\/2019\/wp-json\/wp\/v2\/users\/1"}],"replies":[{"embeddable":true,"href":"https:\/\/jorgezanoni.com.br\/2019\/wp-json\/wp\/v2\/comments?post=67917"}],"version-history":[{"count":1,"href":"https:\/\/jorgezanoni.com.br\/2019\/wp-json\/wp\/v2\/posts\/67917\/revisions"}],"predecessor-version":[{"id":67920,"href":"https:\/\/jorgezanoni.com.br\/2019\/wp-json\/wp\/v2\/posts\/67917\/revisions\/67920"}],"wp:featuredmedia":[{"embeddable":true,"href":"https:\/\/jorgezanoni.com.br\/2019\/wp-json\/wp\/v2\/media\/67918"}],"wp:attachment":[{"href":"https:\/\/jorgezanoni.com.br\/2019\/wp-json\/wp\/v2\/media?parent=67917"}],"wp:term":[{"taxonomy":"category","embeddable":true,"href":"https:\/\/jorgezanoni.com.br\/2019\/wp-json\/wp\/v2\/categories?post=67917"},{"taxonomy":"post_tag","embeddable":true,"href":"https:\/\/jorgezanoni.com.br\/2019\/wp-json\/wp\/v2\/tags?post=67917"}],"curies":[{"name":"wp","href":"https:\/\/api.w.org\/{rel}","templated":true}]}}