{"id":67897,"date":"2022-08-21T22:41:00","date_gmt":"2022-08-21T22:41:00","guid":{"rendered":"https:\/\/jorgezanoni.com.br\/2019\/?p=67897"},"modified":"2022-08-21T22:41:00","modified_gmt":"2022-08-21T22:41:00","slug":"acidente-entre-dois-veiculos-deixa-tres-pessoas-feridas-na-sp-294","status":"publish","type":"post","link":"https:\/\/jorgezanoni.com.br\/2019\/acidente-entre-dois-veiculos-deixa-tres-pessoas-feridas-na-sp-294\/","title":{"rendered":"Acidente entre dois ve\u00edculos deixa tr\u00eas pessoas feridas na SP-294"},"content":{"rendered":"<p style=\"text-align: justify;\"><strong>Um acidente ocorrido na tarde deste domingo (21), no km 617 da Rodovia Comandante Jo\u00e3o Ribeiro de Barros \u2013 (SP-294) em Pacaembu, deixou tr\u00eas pessoas feridas.<\/strong><\/p>\n<p style=\"text-align: justify;\">A colis\u00e3o entre um ve\u00edculo Pampa e um Voyage ocorreu entre os dois trevos de Pacaembu, pr\u00f3ximo ao pesqueiro.<\/p>\n<p style=\"text-align: justify;\"><img loading=\"lazy\" decoding=\"async\" class=\"aligncenter wp-image-58927 jetpack-lazy-image jetpack-lazy-image--handled\" src=\"https:\/\/i0.wp.com\/ifolharegional.com.br\/wp-content\/uploads\/2022\/08\/WhatsApp-Image-2022-08-21-at-17.21.43.jpeg?resize=549%2C370&amp;ssl=1\" sizes=\"auto, (max-width: 549px) 100vw, 549px\" srcset=\"https:\/\/i0.wp.com\/ifolharegional.com.br\/wp-content\/uploads\/2022\/08\/WhatsApp-Image-2022-08-21-at-17.21.43.jpeg?resize=1024%2C690&amp;ssl=1 1024w, https:\/\/i0.wp.com\/ifolharegional.com.br\/wp-content\/uploads\/2022\/08\/WhatsApp-Image-2022-08-21-at-17.21.43.jpeg?resize=300%2C202&amp;ssl=1 300w, https:\/\/i0.wp.com\/ifolharegional.com.br\/wp-content\/uploads\/2022\/08\/WhatsApp-Image-2022-08-21-at-17.21.43.jpeg?resize=768%2C518&amp;ssl=1 768w, https:\/\/i0.wp.com\/ifolharegional.com.br\/wp-content\/uploads\/2022\/08\/WhatsApp-Image-2022-08-21-at-17.21.43.jpeg?w=1080&amp;ssl=1 1080w\" alt=\"\" width=\"549\" height=\"370\" data-attachment-id=\"58927\" data-permalink=\"https:\/\/ifolharegional.com.br\/2022\/08\/21\/acidente-entre-dois-veiculos-deixa-tres-pessoas-feridas-na-sp-294\/whatsapp-image-2022-08-21-at-17-21-43\/\" data-orig-file=\"https:\/\/i0.wp.com\/ifolharegional.com.br\/wp-content\/uploads\/2022\/08\/WhatsApp-Image-2022-08-21-at-17.21.43.jpeg?fit=1080%2C728&amp;ssl=1\" data-orig-size=\"1080,728\" data-comments-opened=\"0\" data-image-meta=\"{&quot;aperture&quot;:&quot;0&quot;,&quot;credit&quot;:&quot;&quot;,&quot;camera&quot;:&quot;&quot;,&quot;caption&quot;:&quot;&quot;,&quot;created_timestamp&quot;:&quot;0&quot;,&quot;copyright&quot;:&quot;&quot;,&quot;focal_length&quot;:&quot;0&quot;,&quot;iso&quot;:&quot;0&quot;,&quot;shutter_speed&quot;:&quot;0&quot;,&quot;title&quot;:&quot;&quot;,&quot;orientation&quot;:&quot;1&quot;}\" data-image-title=\"WhatsApp Image 2022-08-21 at 17.21.43\" data-image-description=\"\" data-image-caption=\"\" data-medium-file=\"https:\/\/i0.wp.com\/ifolharegional.com.br\/wp-content\/uploads\/2022\/08\/WhatsApp-Image-2022-08-21-at-17.21.43.jpeg?fit=300%2C202&amp;ssl=1\" data-large-file=\"https:\/\/i0.wp.com\/ifolharegional.com.br\/wp-content\/uploads\/2022\/08\/WhatsApp-Image-2022-08-21-at-17.21.43.jpeg?fit=740%2C499&amp;ssl=1\" data-recalc-dims=\"1\" data-lazy-loaded=\"1\" \/><br \/>\nAp\u00f3s a colis\u00e3o entre os ve\u00edculos, o Voyage colidiu em uma \u00e1rvore \u00e0s margens da rodovia.<br \/>\n<strong><br \/>\nV\u00cdTIMAS<\/strong><\/p>\n<p style=\"text-align: justify;\">Segundo apurado pelo jornalismo Folha Regional no local dos fatos, o condutor do ve\u00edculo Voyage e sua namorada tiveram ferimentos leves. Uma outra passageira sofreu ferimentos mais delicados e permanece internada em observa\u00e7\u00e3o, por\u00e9m, sem maior gravidade.<\/p>\n<p style=\"text-align: justify;\"><img loading=\"lazy\" decoding=\"async\" class=\"aligncenter wp-image-58925 jetpack-lazy-image jetpack-lazy-image--handled\" src=\"https:\/\/i0.wp.com\/ifolharegional.com.br\/wp-content\/uploads\/2022\/08\/WhatsApp-Image-2022-08-21-at-17.21.43-1.jpeg?resize=548%2C411&amp;ssl=1\" sizes=\"auto, (max-width: 548px) 100vw, 548px\" srcset=\"https:\/\/i0.wp.com\/ifolharegional.com.br\/wp-content\/uploads\/2022\/08\/WhatsApp-Image-2022-08-21-at-17.21.43-1.jpeg?resize=1024%2C768&amp;ssl=1 1024w, https:\/\/i0.wp.com\/ifolharegional.com.br\/wp-content\/uploads\/2022\/08\/WhatsApp-Image-2022-08-21-at-17.21.43-1.jpeg?resize=300%2C225&amp;ssl=1 300w, https:\/\/i0.wp.com\/ifolharegional.com.br\/wp-content\/uploads\/2022\/08\/WhatsApp-Image-2022-08-21-at-17.21.43-1.jpeg?resize=768%2C576&amp;ssl=1 768w, https:\/\/i0.wp.com\/ifolharegional.com.br\/wp-content\/uploads\/2022\/08\/WhatsApp-Image-2022-08-21-at-17.21.43-1.jpeg?resize=1536%2C1152&amp;ssl=1 1536w, https:\/\/i0.wp.com\/ifolharegional.com.br\/wp-content\/uploads\/2022\/08\/WhatsApp-Image-2022-08-21-at-17.21.43-1.jpeg?w=1600&amp;ssl=1 1600w, https:\/\/i0.wp.com\/ifolharegional.com.br\/wp-content\/uploads\/2022\/08\/WhatsApp-Image-2022-08-21-at-17.21.43-1.jpeg?w=1480&amp;ssl=1 1480w\" alt=\"\" width=\"548\" height=\"411\" data-attachment-id=\"58925\" data-permalink=\"https:\/\/ifolharegional.com.br\/2022\/08\/21\/acidente-entre-dois-veiculos-deixa-tres-pessoas-feridas-na-sp-294\/whatsapp-image-2022-08-21-at-17-21-43-1\/\" data-orig-file=\"https:\/\/i0.wp.com\/ifolharegional.com.br\/wp-content\/uploads\/2022\/08\/WhatsApp-Image-2022-08-21-at-17.21.43-1.jpeg?fit=1600%2C1200&amp;ssl=1\" data-orig-size=\"1600,1200\" data-comments-opened=\"0\" data-image-meta=\"{&quot;aperture&quot;:&quot;0&quot;,&quot;credit&quot;:&quot;&quot;,&quot;camera&quot;:&quot;&quot;,&quot;caption&quot;:&quot;&quot;,&quot;created_timestamp&quot;:&quot;0&quot;,&quot;copyright&quot;:&quot;&quot;,&quot;focal_length&quot;:&quot;0&quot;,&quot;iso&quot;:&quot;0&quot;,&quot;shutter_speed&quot;:&quot;0&quot;,&quot;title&quot;:&quot;&quot;,&quot;orientation&quot;:&quot;0&quot;}\" data-image-title=\"WhatsApp Image 2022-08-21 at 17.21.43 (1)\" data-image-description=\"\" data-image-caption=\"\" data-medium-file=\"https:\/\/i0.wp.com\/ifolharegional.com.br\/wp-content\/uploads\/2022\/08\/WhatsApp-Image-2022-08-21-at-17.21.43-1.jpeg?fit=300%2C225&amp;ssl=1\" data-large-file=\"https:\/\/i0.wp.com\/ifolharegional.com.br\/wp-content\/uploads\/2022\/08\/WhatsApp-Image-2022-08-21-at-17.21.43-1.jpeg?fit=740%2C555&amp;ssl=1\" data-recalc-dims=\"1\" data-lazy-loaded=\"1\" \/><\/p>\n<p style=\"text-align: justify;\">Apesar do susto, o motorista do ve\u00edculo Pampa n\u00e3o sofreu ferimentos.<\/p>\n<p style=\"text-align: justify;\"><strong>O SOCORRO<\/strong><\/p>\n<p style=\"text-align: justify;\">As v\u00edtimas foram socorridas pelas equipes do Corpo de Bombeiros de Adamantina e da concession\u00e1ria que administra a rodovia.<\/p>\n<p style=\"text-align: justify;\"><img loading=\"lazy\" decoding=\"async\" class=\"aligncenter wp-image-58926 jetpack-lazy-image jetpack-lazy-image--handled\" src=\"https:\/\/i0.wp.com\/ifolharegional.com.br\/wp-content\/uploads\/2022\/08\/WhatsApp-Image-2022-08-21-at-16.38.59-1.jpeg?resize=543%2C407&amp;ssl=1\" sizes=\"auto, (max-width: 543px) 100vw, 543px\" srcset=\"https:\/\/i0.wp.com\/ifolharegional.com.br\/wp-content\/uploads\/2022\/08\/WhatsApp-Image-2022-08-21-at-16.38.59-1.jpeg?resize=1024%2C768&amp;ssl=1 1024w, https:\/\/i0.wp.com\/ifolharegional.com.br\/wp-content\/uploads\/2022\/08\/WhatsApp-Image-2022-08-21-at-16.38.59-1.jpeg?resize=300%2C225&amp;ssl=1 300w, https:\/\/i0.wp.com\/ifolharegional.com.br\/wp-content\/uploads\/2022\/08\/WhatsApp-Image-2022-08-21-at-16.38.59-1.jpeg?resize=768%2C576&amp;ssl=1 768w, https:\/\/i0.wp.com\/ifolharegional.com.br\/wp-content\/uploads\/2022\/08\/WhatsApp-Image-2022-08-21-at-16.38.59-1.jpeg?resize=1536%2C1152&amp;ssl=1 1536w, https:\/\/i0.wp.com\/ifolharegional.com.br\/wp-content\/uploads\/2022\/08\/WhatsApp-Image-2022-08-21-at-16.38.59-1.jpeg?w=1600&amp;ssl=1 1600w, https:\/\/i0.wp.com\/ifolharegional.com.br\/wp-content\/uploads\/2022\/08\/WhatsApp-Image-2022-08-21-at-16.38.59-1.jpeg?w=1480&amp;ssl=1 1480w\" alt=\"\" width=\"543\" height=\"407\" data-attachment-id=\"58926\" data-permalink=\"https:\/\/ifolharegional.com.br\/2022\/08\/21\/acidente-entre-dois-veiculos-deixa-tres-pessoas-feridas-na-sp-294\/whatsapp-image-2022-08-21-at-16-38-59-1\/\" data-orig-file=\"https:\/\/i0.wp.com\/ifolharegional.com.br\/wp-content\/uploads\/2022\/08\/WhatsApp-Image-2022-08-21-at-16.38.59-1.jpeg?fit=1600%2C1200&amp;ssl=1\" data-orig-size=\"1600,1200\" data-comments-opened=\"0\" data-image-meta=\"{&quot;aperture&quot;:&quot;0&quot;,&quot;credit&quot;:&quot;&quot;,&quot;camera&quot;:&quot;&quot;,&quot;caption&quot;:&quot;&quot;,&quot;created_timestamp&quot;:&quot;0&quot;,&quot;copyright&quot;:&quot;&quot;,&quot;focal_length&quot;:&quot;0&quot;,&quot;iso&quot;:&quot;0&quot;,&quot;shutter_speed&quot;:&quot;0&quot;,&quot;title&quot;:&quot;&quot;,&quot;orientation&quot;:&quot;1&quot;}\" data-image-title=\"WhatsApp Image 2022-08-21 at 16.38.59 (1)\" data-image-description=\"\" data-image-caption=\"\" data-medium-file=\"https:\/\/i0.wp.com\/ifolharegional.com.br\/wp-content\/uploads\/2022\/08\/WhatsApp-Image-2022-08-21-at-16.38.59-1.jpeg?fit=300%2C225&amp;ssl=1\" data-large-file=\"https:\/\/i0.wp.com\/ifolharegional.com.br\/wp-content\/uploads\/2022\/08\/WhatsApp-Image-2022-08-21-at-16.38.59-1.jpeg?fit=740%2C555&amp;ssl=1\" data-recalc-dims=\"1\" data-lazy-loaded=\"1\" \/><br \/>\n<strong>APURA\u00c7\u00c3O DO OCORRIDO<\/strong><\/p>\n<p style=\"text-align: justify;\">A Pol\u00edcia Militar Rodovi\u00e1ria registrou boletim de ocorr\u00eancia e tamb\u00e9m foi acionada a Per\u00edcia Cient\u00edfica que vai apurar as causas do acidente.<\/p>\n<p style=\"text-align: justify;\">Equipes de atendimento ao usu\u00e1rio prestam suporte na sinaliza\u00e7\u00e3o do local e remo\u00e7\u00e3o dos ve\u00edculos.<\/p>\n<p style=\"text-align: justify;\">Fonte: Folha Regional &#8211; Fotos: Diego Fernandes Silva \/ Folha Regional<\/p>\n","protected":false},"excerpt":{"rendered":"<p>Um acidente ocorrido na tarde deste domingo (21), no km 617 da Rodovia Comandante Jo\u00e3o Ribeiro de Barros \u2013 (SP-294) em Pacaembu, deixou tr\u00eas pessoas feridas. A colis\u00e3o entre um ve\u00edculo Pampa e um Voyage ocorreu entre os dois trevos de Pacaembu, pr\u00f3ximo ao pesqueiro. Ap\u00f3s a colis\u00e3o entre os ve\u00edculos, o Voyage colidiu em [&hellip;]<\/p>\n","protected":false},"author":1,"featured_media":67898,"comment_status":"closed","ping_status":"open","sticky":false,"template":"","format":"standard","meta":{"footnotes":""},"categories":[170,110],"tags":[],"class_list":["post-67897","post","type-post","status-publish","format-standard","has-post-thumbnail","hentry","category-acidentes","category-noticiasdestaque"],"_links":{"self":[{"href":"https:\/\/jorgezanoni.com.br\/2019\/wp-json\/wp\/v2\/posts\/67897","targetHints":{"allow":["GET"]}}],"collection":[{"href":"https:\/\/jorgezanoni.com.br\/2019\/wp-json\/wp\/v2\/posts"}],"about":[{"href":"https:\/\/jorgezanoni.com.br\/2019\/wp-json\/wp\/v2\/types\/post"}],"author":[{"embeddable":true,"href":"https:\/\/jorgezanoni.com.br\/2019\/wp-json\/wp\/v2\/users\/1"}],"replies":[{"embeddable":true,"href":"https:\/\/jorgezanoni.com.br\/2019\/wp-json\/wp\/v2\/comments?post=67897"}],"version-history":[{"count":1,"href":"https:\/\/jorgezanoni.com.br\/2019\/wp-json\/wp\/v2\/posts\/67897\/revisions"}],"predecessor-version":[{"id":67899,"href":"https:\/\/jorgezanoni.com.br\/2019\/wp-json\/wp\/v2\/posts\/67897\/revisions\/67899"}],"wp:featuredmedia":[{"embeddable":true,"href":"https:\/\/jorgezanoni.com.br\/2019\/wp-json\/wp\/v2\/media\/67898"}],"wp:attachment":[{"href":"https:\/\/jorgezanoni.com.br\/2019\/wp-json\/wp\/v2\/media?parent=67897"}],"wp:term":[{"taxonomy":"category","embeddable":true,"href":"https:\/\/jorgezanoni.com.br\/2019\/wp-json\/wp\/v2\/categories?post=67897"},{"taxonomy":"post_tag","embeddable":true,"href":"https:\/\/jorgezanoni.com.br\/2019\/wp-json\/wp\/v2\/tags?post=67897"}],"curies":[{"name":"wp","href":"https:\/\/api.w.org\/{rel}","templated":true}]}}