{"id":67888,"date":"2022-08-21T14:54:13","date_gmt":"2022-08-21T14:54:13","guid":{"rendered":"https:\/\/jorgezanoni.com.br\/2019\/?p=67888"},"modified":"2022-08-21T14:54:13","modified_gmt":"2022-08-21T14:54:13","slug":"morador-de-tupi-paulista-fica-gravemente-ferido-em-acidente-na-sp-563","status":"publish","type":"post","link":"https:\/\/jorgezanoni.com.br\/2019\/morador-de-tupi-paulista-fica-gravemente-ferido-em-acidente-na-sp-563\/","title":{"rendered":"Morador de Tupi Paulista fica gravemente ferido em acidente na SP-563"},"content":{"rendered":"<div class=\"m8h3af8h l7ghb35v kjdc1dyq kmwttqpk gh25dzvf n3t5jt4f\">\n<div dir=\"auto\" style=\"text-align: justify;\"><strong>Acidente foi registrado na noite de ontem (20) na Rodovia General Euclides de Oliveira Figueiredo, SP-563, Km. 143+600.<\/strong><\/div>\n<\/div>\n<div dir=\"auto\" style=\"text-align: justify;\"><\/div>\n<div dir=\"auto\" style=\"text-align: justify;\">Um grave acidente foi registrado na conhecida Rodovia da Integra\u00e7\u00e3o, munic\u00edpio de Tupi Paulista.<\/div>\n<div dir=\"auto\" style=\"text-align: justify;\"><\/div>\n<div dir=\"auto\" style=\"text-align: justify;\">Segundo informa\u00e7\u00f5es obtidas pela reportagem do Site JZ, um homem de 49 anos, morador de Tupi Paulista dirigia um ve\u00edculo Courier, e no trecho entre Tupi Paulista e Monte\u00a0 Castelo, acabou se envolvendo em colis\u00e3o lateral com um ve\u00edculo Celta, acabou perdendo o controle de dire\u00e7\u00e3o e capotou em seguida.<\/div>\n<div dir=\"auto\" style=\"text-align: justify;\"><\/div>\n<div dir=\"auto\" style=\"text-align: justify;\">Ele foi socorrido por uma Unidade de Resgate do Corpo de Bombeiros de Dracena, at\u00e9 o Pronto Socorro da Santa Casa de Tupi Paulista. O motorista do Celta n\u00e3o se feriu.<\/div>\n<div dir=\"auto\" style=\"text-align: justify;\"><\/div>\n<div dir=\"auto\" style=\"text-align: justify;\">A Pol\u00edcia Militar Base Operacional de Adamantina e Pol\u00edcia T\u00e9cnica compareceram ao local para os devidos procedimentos.<\/div>\n<div dir=\"auto\"><\/div>\n<div dir=\"auto\"><img loading=\"lazy\" decoding=\"async\" class=\"alignnone size-full wp-image-67890\" src=\"https:\/\/jorgezanoni.com.br\/2019\/wp-content\/uploads\/2022\/08\/acide1.jpg\" alt=\"\" width=\"1200\" height=\"1600\" srcset=\"https:\/\/jorgezanoni.com.br\/2019\/wp-content\/uploads\/2022\/08\/acide1.jpg 1200w, https:\/\/jorgezanoni.com.br\/2019\/wp-content\/uploads\/2022\/08\/acide1-225x300.jpg 225w, https:\/\/jorgezanoni.com.br\/2019\/wp-content\/uploads\/2022\/08\/acide1-768x1024.jpg 768w, https:\/\/jorgezanoni.com.br\/2019\/wp-content\/uploads\/2022\/08\/acide1-1152x1536.jpg 1152w, https:\/\/jorgezanoni.com.br\/2019\/wp-content\/uploads\/2022\/08\/acide1-696x928.jpg 696w, https:\/\/jorgezanoni.com.br\/2019\/wp-content\/uploads\/2022\/08\/acide1-1068x1424.jpg 1068w, https:\/\/jorgezanoni.com.br\/2019\/wp-content\/uploads\/2022\/08\/acide1-315x420.jpg 315w\" sizes=\"auto, (max-width: 1200px) 100vw, 1200px\" \/><\/div>\n<div dir=\"auto\" style=\"text-align: justify;\"><\/div>\n<div dir=\"auto\" style=\"text-align: justify;\">Jorge Zanoni<\/div>\n<div dir=\"auto\" style=\"text-align: justify;\">Fotos de Internauta<\/div>\n<div dir=\"auto\"><\/div>\n<div class=\"m8h3af8h l7ghb35v kjdc1dyq kmwttqpk gh25dzvf n3t5jt4f\">\n<div dir=\"auto\"><\/div>\n<div dir=\"auto\"><\/div>\n<\/div>\n<div class=\"l7ghb35v kjdc1dyq kmwttqpk gh25dzvf jikcssrz n3t5jt4f\"><\/div>\n<div class=\"l7ghb35v kjdc1dyq kmwttqpk gh25dzvf jikcssrz n3t5jt4f\">\n<div dir=\"auto\"><\/div>\n<\/div>\n","protected":false},"excerpt":{"rendered":"<p>Acidente foi registrado na noite de ontem (20) na Rodovia General Euclides de Oliveira Figueiredo, SP-563, Km. 143+600. Um grave acidente foi registrado na conhecida Rodovia da Integra\u00e7\u00e3o, munic\u00edpio de Tupi Paulista. Segundo informa\u00e7\u00f5es obtidas pela reportagem do Site JZ, um homem de 49 anos, morador de Tupi Paulista dirigia um ve\u00edculo Courier, e no [&hellip;]<\/p>\n","protected":false},"author":1,"featured_media":67891,"comment_status":"closed","ping_status":"open","sticky":false,"template":"","format":"standard","meta":{"footnotes":""},"categories":[170,110],"tags":[],"class_list":["post-67888","post","type-post","status-publish","format-standard","has-post-thumbnail","hentry","category-acidentes","category-noticiasdestaque"],"_links":{"self":[{"href":"https:\/\/jorgezanoni.com.br\/2019\/wp-json\/wp\/v2\/posts\/67888","targetHints":{"allow":["GET"]}}],"collection":[{"href":"https:\/\/jorgezanoni.com.br\/2019\/wp-json\/wp\/v2\/posts"}],"about":[{"href":"https:\/\/jorgezanoni.com.br\/2019\/wp-json\/wp\/v2\/types\/post"}],"author":[{"embeddable":true,"href":"https:\/\/jorgezanoni.com.br\/2019\/wp-json\/wp\/v2\/users\/1"}],"replies":[{"embeddable":true,"href":"https:\/\/jorgezanoni.com.br\/2019\/wp-json\/wp\/v2\/comments?post=67888"}],"version-history":[{"count":1,"href":"https:\/\/jorgezanoni.com.br\/2019\/wp-json\/wp\/v2\/posts\/67888\/revisions"}],"predecessor-version":[{"id":67892,"href":"https:\/\/jorgezanoni.com.br\/2019\/wp-json\/wp\/v2\/posts\/67888\/revisions\/67892"}],"wp:featuredmedia":[{"embeddable":true,"href":"https:\/\/jorgezanoni.com.br\/2019\/wp-json\/wp\/v2\/media\/67891"}],"wp:attachment":[{"href":"https:\/\/jorgezanoni.com.br\/2019\/wp-json\/wp\/v2\/media?parent=67888"}],"wp:term":[{"taxonomy":"category","embeddable":true,"href":"https:\/\/jorgezanoni.com.br\/2019\/wp-json\/wp\/v2\/categories?post=67888"},{"taxonomy":"post_tag","embeddable":true,"href":"https:\/\/jorgezanoni.com.br\/2019\/wp-json\/wp\/v2\/tags?post=67888"}],"curies":[{"name":"wp","href":"https:\/\/api.w.org\/{rel}","templated":true}]}}