{"id":6788,"date":"2019-09-21T00:22:38","date_gmt":"2019-09-21T00:22:38","guid":{"rendered":"https:\/\/jorgezanoni.com.br\/2019\/?p=6788"},"modified":"2019-09-21T00:22:38","modified_gmt":"2019-09-21T00:22:38","slug":"enfermagem-da-unifadra-participa-do-programa-saude-na-escola-em-dracena","status":"publish","type":"post","link":"https:\/\/jorgezanoni.com.br\/2019\/enfermagem-da-unifadra-participa-do-programa-saude-na-escola-em-dracena\/","title":{"rendered":"Enfermagem da Unifadra participa do Programa Sa\u00fade na Escola\u00a0em Dracena"},"content":{"rendered":"<p style=\"font-weight: 400; text-align: justify;\">Os alunos do curso de Enfermagem realizam, durante os meses de agosto e setembro, o atendimento e educa\u00e7\u00e3o em sa\u00fade na EMEI Bal\u00e3o M\u00e1gico, em Dracena. Foram realizadas atividades de medidas antropom\u00e9tricas, exame f\u00edsico e atividades l\u00fadicas\u00a0com as crian\u00e7as, dentro do Programa Sa\u00fade na Escola (PSE), do Governo Federal.<\/p>\n<p><img loading=\"lazy\" decoding=\"async\" class=\"alignnone size-full wp-image-6789\" src=\"https:\/\/jorgezanoni.com.br\/2019\/wp-content\/uploads\/2019\/09\/eneferma1.jpg\" alt=\"\" width=\"240\" height=\"180\" srcset=\"https:\/\/jorgezanoni.com.br\/2019\/wp-content\/uploads\/2019\/09\/eneferma1.jpg 240w, https:\/\/jorgezanoni.com.br\/2019\/wp-content\/uploads\/2019\/09\/eneferma1-80x60.jpg 80w\" sizes=\"auto, (max-width: 240px) 100vw, 240px\" \/><\/p>\n<p style=\"font-weight: 400; text-align: justify;\">As estudantes da Unifadra desenvolveram uma cartilha abordando\u00a0temas como &#8220;Sarampo, Pediculose, Hidrata\u00e7\u00e3o e Higiene&#8221;, que foi encaminhada aos pais dos alunos da EMEI. Por meio de gr\u00e1ficos,\u00a0pode se acompanhar o desenvolvimento e crescimento das crian\u00e7as. Esses gr\u00e1ficos ser\u00e3o disponibilizados aos respons\u00e1veis das crian\u00e7as.<\/p>\n<p style=\"font-weight: 400; text-align: justify;\">Intercalando as atividades da escola os alunos realizaram consulta de Puericultura nas casas do bairro Santa Clara, em Dracena. Segundo a\u00a0Profa. Enfa. Ma. Eunice Nelli, essa atividade proporciona aos alunos uma maior aproxima\u00e7\u00e3o com a pr\u00e1tica, visto que a Enfermagem atualmente est\u00e1 mais voltada para as a\u00e7\u00f5es preventivas\u00a0do que curativas.<\/p>\n<p style=\"font-weight: 400; text-align: justify;\">O Programa Sa\u00fade na Escola (PSE) foi institu\u00eddo em 2007. A articula\u00e7\u00e3o entre Escola e Rede B\u00e1sica de Sa\u00fade \u00e9 a base do Programa Sa\u00fade na Escola. O PSE \u00e9 uma estrat\u00e9gia de integra\u00e7\u00e3o da sa\u00fade e educa\u00e7\u00e3o para o desenvolvimento da cidadania e da qualifica\u00e7\u00e3o das pol\u00edticas p\u00fablicas brasileiras.\u00a0O objetivo do programa \u00e9 contribuir para a forma\u00e7\u00e3o integral dos estudantes por meio de a\u00e7\u00f5es de promo\u00e7\u00e3o, preven\u00e7\u00e3o e aten\u00e7\u00e3o \u00e0 sa\u00fade, com vistas ao enfrentamento das vulnerabilidades que comprometem o pleno desenvolvimento de crian\u00e7as e jovens da rede p\u00fablica de ensino.<\/p>\n<p style=\"font-weight: 400; text-align: justify;\">Carolina Colnago<\/p>\n<p style=\"font-weight: 400; text-align: justify;\">Assessora de Comunica\u00e7\u00e3o da Fundec &#8211; Jornalista<\/p>\n","protected":false},"excerpt":{"rendered":"<p>Os alunos do curso de Enfermagem realizam, durante os meses de agosto e setembro, o atendimento e educa\u00e7\u00e3o em sa\u00fade na EMEI Bal\u00e3o M\u00e1gico, em Dracena. Foram realizadas atividades de medidas antropom\u00e9tricas, exame f\u00edsico e atividades l\u00fadicas\u00a0com as crian\u00e7as, dentro do Programa Sa\u00fade na Escola (PSE), do Governo Federal. As estudantes da Unifadra desenvolveram uma [&hellip;]<\/p>\n","protected":false},"author":1,"featured_media":6790,"comment_status":"closed","ping_status":"open","sticky":false,"template":"","format":"standard","meta":{"footnotes":""},"categories":[122],"tags":[],"class_list":["post-6788","post","type-post","status-publish","format-standard","has-post-thumbnail","hentry","category-saudeeducacaoeconcurso"],"_links":{"self":[{"href":"https:\/\/jorgezanoni.com.br\/2019\/wp-json\/wp\/v2\/posts\/6788","targetHints":{"allow":["GET"]}}],"collection":[{"href":"https:\/\/jorgezanoni.com.br\/2019\/wp-json\/wp\/v2\/posts"}],"about":[{"href":"https:\/\/jorgezanoni.com.br\/2019\/wp-json\/wp\/v2\/types\/post"}],"author":[{"embeddable":true,"href":"https:\/\/jorgezanoni.com.br\/2019\/wp-json\/wp\/v2\/users\/1"}],"replies":[{"embeddable":true,"href":"https:\/\/jorgezanoni.com.br\/2019\/wp-json\/wp\/v2\/comments?post=6788"}],"version-history":[{"count":0,"href":"https:\/\/jorgezanoni.com.br\/2019\/wp-json\/wp\/v2\/posts\/6788\/revisions"}],"wp:featuredmedia":[{"embeddable":true,"href":"https:\/\/jorgezanoni.com.br\/2019\/wp-json\/wp\/v2\/media\/6790"}],"wp:attachment":[{"href":"https:\/\/jorgezanoni.com.br\/2019\/wp-json\/wp\/v2\/media?parent=6788"}],"wp:term":[{"taxonomy":"category","embeddable":true,"href":"https:\/\/jorgezanoni.com.br\/2019\/wp-json\/wp\/v2\/categories?post=6788"},{"taxonomy":"post_tag","embeddable":true,"href":"https:\/\/jorgezanoni.com.br\/2019\/wp-json\/wp\/v2\/tags?post=6788"}],"curies":[{"name":"wp","href":"https:\/\/api.w.org\/{rel}","templated":true}]}}