{"id":67873,"date":"2022-08-20T21:34:31","date_gmt":"2022-08-20T21:34:31","guid":{"rendered":"https:\/\/jorgezanoni.com.br\/2019\/?p=67873"},"modified":"2022-08-20T21:34:31","modified_gmt":"2022-08-20T21:34:31","slug":"empretec-tera-1a-turma-rural-exclusiva-em-presidente-prudente","status":"publish","type":"post","link":"https:\/\/jorgezanoni.com.br\/2019\/empretec-tera-1a-turma-rural-exclusiva-em-presidente-prudente\/","title":{"rendered":"Empretec ter\u00e1 1\u00aa turma rural exclusiva em Presidente Prudente"},"content":{"rendered":"<p style=\"text-align: justify;\"><strong>Palestra de apresenta\u00e7\u00e3o do curso ser\u00e1 realizada no dia 22 de agosto, \u00e0s 19h, no Sebrae.<\/strong><\/p>\n<p style=\"text-align: justify;\">Para ajudar o produtor rural a se enxergar como empreendedor, o Sebrae-SP vai promover uma turma do Empretec Rural em Presidente Prudente. Quem se interessar pelo tema pode se inscrever na palestra de apresenta\u00e7\u00e3o do curso que ser\u00e1 realizada no dia 22 de agosto, \u00e0s 19h, no Sebrae-SP. Ser\u00e1 a primeira turma rural na cidade.<\/p>\n<p style=\"text-align: justify;\">O curso utiliza uma metodologia da Organiza\u00e7\u00e3o das Na\u00e7\u00f5es Unidas (ONU) em que o participante \u00e9 desafiado em atividades pr\u00e1ticas tendo como base as dez caracter\u00edsticas comportamentais: busca de oportunidades e iniciativa; persist\u00eancia; correr riscos calculados; exig\u00eancia de qualidade e efici\u00eancia; comprometimento; busca de informa\u00e7\u00f5es; estabelecimento de metas; planejamento e monitoramento sistem\u00e1ticos; persuas\u00e3o e rede de contatos; independ\u00eancia e autoconfian\u00e7a.<\/p>\n<p style=\"text-align: justify;\">Com esse modelo, o empreendedor se auto avalia, identifica seus pontos fortes e fracos e, novamente, \u00e9 desafiado a adotar uma postura que reforce as potencialidades e corrija suas fraquezas. A mudan\u00e7a comportamental se reflete direta e imediatamente nos resultados pessoais e empresariais.<\/p>\n<p style=\"text-align: justify;\">De acordo com o gerente regional do Sebrae-SP Jos\u00e9 Carlos Cavalcante, o produtor rural, muitas vezes, tem essa dificuldade de se ver como empreendedor, j\u00e1 que muitos casos envolvem sucess\u00e3o familiar. \u201cO mundo mudou, a pandemia acelerou a transforma\u00e7\u00e3o digital e o produtor precisa desenvolver novas habilidades, novas caracter\u00edsticas profissionais e comportamentais. O Empretec vai justamente ajudar para que essa transforma\u00e7\u00e3o ocorra de fato\u201d, destaca.<\/p>\n<p style=\"text-align: justify;\">A palestra de apresenta\u00e7\u00e3o ser\u00e1 no Sebrae-SP, localizado na Rua Major Fel\u00edcio Tarabay, 408. As inscri\u00e7\u00f5es podem ser feitas pelos n\u00fameros de WhatsApp (18) 99712-0019 (Paula) e (18) 3916-9074 (Rodolfo)<\/p>\n","protected":false},"excerpt":{"rendered":"<p>Palestra de apresenta\u00e7\u00e3o do curso ser\u00e1 realizada no dia 22 de agosto, \u00e0s 19h, no Sebrae. Para ajudar o produtor rural a se enxergar como empreendedor, o Sebrae-SP vai promover uma turma do Empretec Rural em Presidente Prudente. Quem se interessar pelo tema pode se inscrever na palestra de apresenta\u00e7\u00e3o do curso que ser\u00e1 realizada [&hellip;]<\/p>\n","protected":false},"author":1,"featured_media":67874,"comment_status":"closed","ping_status":"open","sticky":false,"template":"","format":"standard","meta":{"footnotes":""},"categories":[176],"tags":[],"class_list":["post-67873","post","type-post","status-publish","format-standard","has-post-thumbnail","hentry","category-meioambienteeagricultura"],"_links":{"self":[{"href":"https:\/\/jorgezanoni.com.br\/2019\/wp-json\/wp\/v2\/posts\/67873","targetHints":{"allow":["GET"]}}],"collection":[{"href":"https:\/\/jorgezanoni.com.br\/2019\/wp-json\/wp\/v2\/posts"}],"about":[{"href":"https:\/\/jorgezanoni.com.br\/2019\/wp-json\/wp\/v2\/types\/post"}],"author":[{"embeddable":true,"href":"https:\/\/jorgezanoni.com.br\/2019\/wp-json\/wp\/v2\/users\/1"}],"replies":[{"embeddable":true,"href":"https:\/\/jorgezanoni.com.br\/2019\/wp-json\/wp\/v2\/comments?post=67873"}],"version-history":[{"count":1,"href":"https:\/\/jorgezanoni.com.br\/2019\/wp-json\/wp\/v2\/posts\/67873\/revisions"}],"predecessor-version":[{"id":67875,"href":"https:\/\/jorgezanoni.com.br\/2019\/wp-json\/wp\/v2\/posts\/67873\/revisions\/67875"}],"wp:featuredmedia":[{"embeddable":true,"href":"https:\/\/jorgezanoni.com.br\/2019\/wp-json\/wp\/v2\/media\/67874"}],"wp:attachment":[{"href":"https:\/\/jorgezanoni.com.br\/2019\/wp-json\/wp\/v2\/media?parent=67873"}],"wp:term":[{"taxonomy":"category","embeddable":true,"href":"https:\/\/jorgezanoni.com.br\/2019\/wp-json\/wp\/v2\/categories?post=67873"},{"taxonomy":"post_tag","embeddable":true,"href":"https:\/\/jorgezanoni.com.br\/2019\/wp-json\/wp\/v2\/tags?post=67873"}],"curies":[{"name":"wp","href":"https:\/\/api.w.org\/{rel}","templated":true}]}}