{"id":67858,"date":"2022-08-20T16:59:35","date_gmt":"2022-08-20T16:59:35","guid":{"rendered":"https:\/\/jorgezanoni.com.br\/2019\/?p=67858"},"modified":"2022-08-20T17:02:46","modified_gmt":"2022-08-20T17:02:46","slug":"agosto-lilas-policia-civil-faz-palestra-de-enfrentamento-a-violencia-contra-a-mulher-em-junqueiropolis","status":"publish","type":"post","link":"https:\/\/jorgezanoni.com.br\/2019\/agosto-lilas-policia-civil-faz-palestra-de-enfrentamento-a-violencia-contra-a-mulher-em-junqueiropolis\/","title":{"rendered":"AGOSTO LIL\u00c1S: Pol\u00edcia Civil faz palestra de enfrentamento \u00e0 viol\u00eancia contra a mulher em Junqueir\u00f3polis"},"content":{"rendered":"<p style=\"text-align: justify;\"><strong>A apresenta\u00e7\u00e3o do evento ficou a cargo da Dr\u00aa. Luciana Nunes Falc\u00e3o Mendes, da Delegacia da Defesa da Mulher de Dracena.<\/strong><\/p>\n<p style=\"text-align: justify;\">A Pol\u00edcia Civil, por interm\u00e9dio da Delegacia de Pol\u00edcia de Defesa da Mulher &#8211; DDM, realizou na noite desta quinta-feira (18), uma palestra sobre o enfretamento \u00e0 viol\u00eancia contra a mulher para membros da Pastoral da Crian\u00e7a do Jardim Alvorada, em Junqueir\u00f3polis.<br \/>\nO evento foi a realizado a convite da Coordenadora de Projetos Sociais, \u00c9lida Cristina Barbosa Braulino, e a Pol\u00edcia Civil foi representada pela Dra. Luciana Nunes Falc\u00e3o Mendes, delegada de pol\u00edcia titular da Delegacia de Defesa da Mulher de Dracena, que discorreu sobre a Lei Maria da Penha (Lei n\u00ba 11.340\/2006), contemplado os cinco tipos de viol\u00eancia dom\u00e9stica e familiar que podem ocorrer contra a mulher, ou seja, f\u00edsica, psicol\u00f3gica, moral, sexual e patrimonial.<br \/>\nO encontro de conscientiza\u00e7\u00e3o e orienta\u00e7\u00e3o contou com a participa\u00e7\u00e3o dos representantes de bairros, e tamb\u00e9m do Delegado Seccional de Pol\u00edcia de Dracena, Dr Alexandre Luis Luengo Lopes.<\/p>\n<p style=\"text-align: justify;\">Fonte: Com. Social da Pol\u00edcia Civil<\/p>\n","protected":false},"excerpt":{"rendered":"<p>A apresenta\u00e7\u00e3o do evento ficou a cargo da Dr\u00aa. Luciana Nunes Falc\u00e3o Mendes, da Delegacia da Defesa da Mulher de Dracena. A Pol\u00edcia Civil, por interm\u00e9dio da Delegacia de Pol\u00edcia de Defesa da Mulher &#8211; DDM, realizou na noite desta quinta-feira (18), uma palestra sobre o enfretamento \u00e0 viol\u00eancia contra a mulher para membros da [&hellip;]<\/p>\n","protected":false},"author":1,"featured_media":67859,"comment_status":"closed","ping_status":"open","sticky":false,"template":"","format":"standard","meta":{"footnotes":""},"categories":[110,2],"tags":[],"class_list":["post-67858","post","type-post","status-publish","format-standard","has-post-thumbnail","hentry","category-noticiasdestaque","category-policial"],"_links":{"self":[{"href":"https:\/\/jorgezanoni.com.br\/2019\/wp-json\/wp\/v2\/posts\/67858","targetHints":{"allow":["GET"]}}],"collection":[{"href":"https:\/\/jorgezanoni.com.br\/2019\/wp-json\/wp\/v2\/posts"}],"about":[{"href":"https:\/\/jorgezanoni.com.br\/2019\/wp-json\/wp\/v2\/types\/post"}],"author":[{"embeddable":true,"href":"https:\/\/jorgezanoni.com.br\/2019\/wp-json\/wp\/v2\/users\/1"}],"replies":[{"embeddable":true,"href":"https:\/\/jorgezanoni.com.br\/2019\/wp-json\/wp\/v2\/comments?post=67858"}],"version-history":[{"count":3,"href":"https:\/\/jorgezanoni.com.br\/2019\/wp-json\/wp\/v2\/posts\/67858\/revisions"}],"predecessor-version":[{"id":67862,"href":"https:\/\/jorgezanoni.com.br\/2019\/wp-json\/wp\/v2\/posts\/67858\/revisions\/67862"}],"wp:featuredmedia":[{"embeddable":true,"href":"https:\/\/jorgezanoni.com.br\/2019\/wp-json\/wp\/v2\/media\/67859"}],"wp:attachment":[{"href":"https:\/\/jorgezanoni.com.br\/2019\/wp-json\/wp\/v2\/media?parent=67858"}],"wp:term":[{"taxonomy":"category","embeddable":true,"href":"https:\/\/jorgezanoni.com.br\/2019\/wp-json\/wp\/v2\/categories?post=67858"},{"taxonomy":"post_tag","embeddable":true,"href":"https:\/\/jorgezanoni.com.br\/2019\/wp-json\/wp\/v2\/tags?post=67858"}],"curies":[{"name":"wp","href":"https:\/\/api.w.org\/{rel}","templated":true}]}}