{"id":67851,"date":"2022-08-20T16:42:34","date_gmt":"2022-08-20T16:42:34","guid":{"rendered":"https:\/\/jorgezanoni.com.br\/2019\/?p=67851"},"modified":"2022-08-20T16:42:34","modified_gmt":"2022-08-20T16:42:34","slug":"claudia-jimenez-morreu-de-insuficiencia-cardiaca-atriz-tinha-infartado-em-1999-e-operou-o-coracao-3-vezes","status":"publish","type":"post","link":"https:\/\/jorgezanoni.com.br\/2019\/claudia-jimenez-morreu-de-insuficiencia-cardiaca-atriz-tinha-infartado-em-1999-e-operou-o-coracao-3-vezes\/","title":{"rendered":"Claudia Jimenez morreu de insufici\u00eancia card\u00edaca; atriz tinha infartado em 1999 e operou o cora\u00e7\u00e3o 3 vezes"},"content":{"rendered":"<h2 class=\"content-head__subtitle\" style=\"text-align: justify;\"><strong>Atriz estava internada em um hospital da Zona Sul. Humorista passou por pelo menos tr\u00eas cirurgias no cora\u00e7\u00e3o, enfraquecido por causa da radioterapia para tratar um c\u00e2ncer no t\u00f3rax.<\/strong><\/h2>\n<div class=\"mc-column content-text active-extra-styles \" style=\"text-align: justify;\" data-block-type=\"unstyled\" data-block-weight=\"38\" data-block-id=\"3\">\n<p class=\"content-text__container \" data-track-category=\"Link no Texto\" data-track-links=\"\">A atriz Claudia Jimenez sofreu\u00a0<strong>uma insufici\u00eancia card\u00edaca<\/strong>\u00a0e\u00a0<a href=\"https:\/\/g1.globo.com\/rj\/rio-de-janeiro\/noticia\/2022\/08\/20\/claudia-jimenez-morre-no-rio.ghtml\">morreu no in\u00edcio da manh\u00e3 deste s\u00e1bado (20)<\/a>, no Rio, aos 63 anos. Claudia tinha sofrido\u00a0<strong>um infarto em 1999<\/strong>\u00a0e, desde ent\u00e3o,\u00a0<span class=\"highlight highlighted\">passou por tr\u00eas cirurgias no cora\u00e7\u00e3o<\/span>.<\/p>\n<\/div>\n<div class=\"wall protected-content\">\n<div class=\"mc-column content-text active-extra-styles \" data-block-type=\"unstyled\" data-block-weight=\"27\" data-block-id=\"4\">\n<p class=\"content-text__container \" style=\"text-align: justify;\" data-track-category=\"Link no Texto\" data-track-links=\"\">A int\u00e9rprete de\u00a0<strong>Dona Cacilda<\/strong>, da \u201cEscolinha do Professor Raimundo\u201d, e de\u00a0<strong>Edileuza<\/strong>, de \u201cSai de Baixo\u201d, estava internada no Hospital Samaritano, em Botafogo, na Zona Sul.<\/p>\n<div class=\"mc-column content-text active-extra-styles\" style=\"text-align: justify;\" data-block-type=\"raw\" data-block-weight=\"5\" data-block-id=\"7\">\n<div class=\"content-intertitle\">\n<h2>C\u00e2ncer e opera\u00e7\u00f5es no cora\u00e7\u00e3o<\/h2>\n<\/div>\n<\/div>\n<div class=\"mc-column content-text active-extra-styles \" style=\"text-align: justify;\" data-block-type=\"unstyled\" data-block-weight=\"44\" data-block-id=\"8\">\n<p class=\"content-text__container \" data-track-category=\"Link no Texto\" data-track-links=\"\">Em 1986, Claudia foi ao m\u00e9dico para curar uma tosse persistente e descobriu que tinha c\u00e2ncer, um\u00a0<strong>tumor maligno no mediastino<\/strong>, atr\u00e1s do cora\u00e7\u00e3o.\u00a0<span class=\"highlight highlighted\">Chegou a ser desenganada.<\/span>\u00a0O diagn\u00f3stico n\u00e3o se cumpriu, e a atriz curou-se da doen\u00e7a, com ajuda de\u00a0<a href=\"http:\/\/g1.globo.com\/topico\/chico-anysio\">Chico Anysio<\/a>.<\/p>\n<\/div>\n<div class=\"mc-column content-text active-extra-styles \" data-block-type=\"unstyled\" data-block-weight=\"37\" data-block-id=\"9\">\n<p class=\"content-text__container \" style=\"text-align: justify;\" data-track-category=\"Link no Texto\" data-track-links=\"\">As sess\u00f5es de radioterapia, por\u00e9m, lhe causaram outro problema de sa\u00fade. Os m\u00e9dicos acreditam que o tratamento\u00a0<span class=\"highlight highlighted\">pode ter afetado os tecidos do cora\u00e7\u00e3o<\/span>, o que a obrigou a fazer\u00a0<strong>pelo menos tr\u00eas cirurgias<\/strong>\u00a0nos anos seguintes.<\/p>\n<div class=\"mc-column content-text active-extra-styles \" style=\"text-align: justify;\" data-block-type=\"unstyled\" data-block-weight=\"34\" data-block-id=\"14\">\n<p class=\"content-text__container \" data-track-category=\"Link no Texto\" data-track-links=\"\">A primeira foi em 1999, para botar\u00a0<strong>cinco pontes de safena<\/strong>; a segunda, em 2012, para a\u00a0<strong>substitui\u00e7\u00e3o da v\u00e1lvula a\u00f3rtica<\/strong>\u00a0por uma outra, sint\u00e9tica; e a terceira, em 2014, para botar um\u00a0<strong>marca-passo<\/strong>.<\/p>\n<\/div>\n<div class=\"mc-column content-text active-extra-styles \" style=\"text-align: justify;\" data-block-type=\"unstyled\" data-block-weight=\"55\" data-block-id=\"15\">\n<p class=\"content-text__container \" data-track-category=\"Link no Texto\" data-track-links=\"\">\u201cQuando eu falo para o meu m\u00e9dico:<span class=\"highlight highlighted\">\u00a0\u2018\u00d4, radioterapia desgra\u00e7ada!\u2019<\/span>. A\u00ed ele fala: \u2018Mas se n\u00e3o fosse ela, voc\u00ea j\u00e1 estava h\u00e1 muito tempo l\u00e1 em cima, n\u00e9?\u2019. E \u00e9 verdade, quer dizer, a gente tem sempre que agradecer em vez de reclamar\u201d, disse Claudia,\u00a0<a href=\"https:\/\/g1.globo.com\/fantastico\/noticia\/2014\/08\/sou-pessoa-mais-forte-que-conheco-diz-claudia-jimenez.html\">em entrevista ao \u201cFant\u00e1stico\u201d em 2014<\/a>, meses depois da opera\u00e7\u00e3o.<\/p>\n<\/div>\n<div class=\"mc-column content-text active-extra-styles \" data-block-type=\"unstyled\" data-block-weight=\"85\" data-block-id=\"16\">\n<p class=\"content-text__container \" style=\"text-align: justify;\" data-track-category=\"Link no Texto\" data-track-links=\"\">\u201cMaturidade faz voc\u00ea ficar mais bacana. \u00c0s vezes, eu percebo que, internamente, n\u00e3o estou legal eu vou em busca de alguma coisa que me fa\u00e7a ficar legal. Tem gente que fala assim para mim: \u2018Ai, como voc\u00ea \u00e9 fr\u00e1gil\u2019. Eu falo: \u2018Fr\u00e1gil?\u00a0<span class=\"highlight highlighted\">Eu sou a pessoa mais forte que eu conhe\u00e7o<\/span>\u2019. Chegam perto de mim e falam: \u2018Vamos trocar v\u00e1lvula a\u00f3rtica\u2019. Eu falo: \u2018Ok, vamos\u2019. \u2018Vamos fazer cinco pontes de safena\u2019. \u2018Ok, vamos\u2019. \u2018Botar o marca-passo\u2019. \u2018Ok\u2019.\u00a0<span class=\"highlight highlighted\">Eu fa\u00e7o qualquer coisa para ficar aqui<\/span>\u201d, afirmou.<\/p>\n<p data-track-category=\"Link no Texto\" data-track-links=\"\"><img loading=\"lazy\" decoding=\"async\" class=\"alignnone size-full wp-image-67852\" src=\"https:\/\/jorgezanoni.com.br\/2019\/wp-content\/uploads\/2022\/08\/jimenez-jp1.jpg\" alt=\"\" width=\"500\" height=\"375\" srcset=\"https:\/\/jorgezanoni.com.br\/2019\/wp-content\/uploads\/2022\/08\/jimenez-jp1.jpg 500w, https:\/\/jorgezanoni.com.br\/2019\/wp-content\/uploads\/2022\/08\/jimenez-jp1-300x225.jpg 300w, https:\/\/jorgezanoni.com.br\/2019\/wp-content\/uploads\/2022\/08\/jimenez-jp1-80x60.jpg 80w, https:\/\/jorgezanoni.com.br\/2019\/wp-content\/uploads\/2022\/08\/jimenez-jp1-265x198.jpg 265w\" sizes=\"auto, (max-width: 500px) 100vw, 500px\" \/><img loading=\"lazy\" decoding=\"async\" class=\"alignnone size-full wp-image-67854\" src=\"https:\/\/jorgezanoni.com.br\/2019\/wp-content\/uploads\/2022\/08\/Jimenez-2-jp2.jpg\" alt=\"\" width=\"500\" height=\"294\" srcset=\"https:\/\/jorgezanoni.com.br\/2019\/wp-content\/uploads\/2022\/08\/Jimenez-2-jp2.jpg 500w, https:\/\/jorgezanoni.com.br\/2019\/wp-content\/uploads\/2022\/08\/Jimenez-2-jp2-300x176.jpg 300w\" sizes=\"auto, (max-width: 500px) 100vw, 500px\" \/>https:\/\/g1.globo.com\/rj\/rio-de-janeiro\/noticia\/2022\/08\/20\/claudia-jimenez-morreu-de-insuficiencia-cardiaca-atriz-tinha-infartado-em-1999-e-operou-o-coracao-3-vezes.ghtml<\/p>\n<p data-track-category=\"Link no Texto\" data-track-links=\"\">Comp. Jorge Zanoni<\/p>\n<\/div>\n<p data-track-category=\"Link no Texto\" data-track-links=\"\">\n<\/div>\n<\/div>\n<\/div>\n","protected":false},"excerpt":{"rendered":"<p>Atriz estava internada em um hospital da Zona Sul. Humorista passou por pelo menos tr\u00eas cirurgias no cora\u00e7\u00e3o, enfraquecido por causa da radioterapia para tratar um c\u00e2ncer no t\u00f3rax. A atriz Claudia Jimenez sofreu\u00a0uma insufici\u00eancia card\u00edaca\u00a0e\u00a0morreu no in\u00edcio da manh\u00e3 deste s\u00e1bado (20), no Rio, aos 63 anos. Claudia tinha sofrido\u00a0um infarto em 1999\u00a0e, desde [&hellip;]<\/p>\n","protected":false},"author":1,"featured_media":67853,"comment_status":"closed","ping_status":"open","sticky":false,"template":"","format":"standard","meta":{"footnotes":""},"categories":[178,110],"tags":[],"class_list":["post-67851","post","type-post","status-publish","format-standard","has-post-thumbnail","hentry","category-notadefalecimento","category-noticiasdestaque"],"_links":{"self":[{"href":"https:\/\/jorgezanoni.com.br\/2019\/wp-json\/wp\/v2\/posts\/67851","targetHints":{"allow":["GET"]}}],"collection":[{"href":"https:\/\/jorgezanoni.com.br\/2019\/wp-json\/wp\/v2\/posts"}],"about":[{"href":"https:\/\/jorgezanoni.com.br\/2019\/wp-json\/wp\/v2\/types\/post"}],"author":[{"embeddable":true,"href":"https:\/\/jorgezanoni.com.br\/2019\/wp-json\/wp\/v2\/users\/1"}],"replies":[{"embeddable":true,"href":"https:\/\/jorgezanoni.com.br\/2019\/wp-json\/wp\/v2\/comments?post=67851"}],"version-history":[{"count":1,"href":"https:\/\/jorgezanoni.com.br\/2019\/wp-json\/wp\/v2\/posts\/67851\/revisions"}],"predecessor-version":[{"id":67856,"href":"https:\/\/jorgezanoni.com.br\/2019\/wp-json\/wp\/v2\/posts\/67851\/revisions\/67856"}],"wp:featuredmedia":[{"embeddable":true,"href":"https:\/\/jorgezanoni.com.br\/2019\/wp-json\/wp\/v2\/media\/67853"}],"wp:attachment":[{"href":"https:\/\/jorgezanoni.com.br\/2019\/wp-json\/wp\/v2\/media?parent=67851"}],"wp:term":[{"taxonomy":"category","embeddable":true,"href":"https:\/\/jorgezanoni.com.br\/2019\/wp-json\/wp\/v2\/categories?post=67851"},{"taxonomy":"post_tag","embeddable":true,"href":"https:\/\/jorgezanoni.com.br\/2019\/wp-json\/wp\/v2\/tags?post=67851"}],"curies":[{"name":"wp","href":"https:\/\/api.w.org\/{rel}","templated":true}]}}