{"id":6784,"date":"2019-09-21T00:03:52","date_gmt":"2019-09-21T00:03:52","guid":{"rendered":"https:\/\/jorgezanoni.com.br\/2019\/?p=6784"},"modified":"2019-09-21T00:04:41","modified_gmt":"2019-09-21T00:04:41","slug":"cep-ume-realiza-1a-jornada-de-estetica-de-dracena","status":"publish","type":"post","link":"https:\/\/jorgezanoni.com.br\/2019\/cep-ume-realiza-1a-jornada-de-estetica-de-dracena\/","title":{"rendered":"CEP\/UME realiza 1\u00aa Jornada de Est\u00e9tica de Dracena"},"content":{"rendered":"<p style=\"text-align: justify;\">A est\u00e9tica \u00e9 um rio que flui, a todo momento surgem novas informa\u00e7\u00f5es, novos aparelhos e novas t\u00e9cnicas. E foi pensando nisso que o CEP\/UME realizou a 1\u00aa JORNADA DE EST\u00c9TICA DE DRACENA, na Fundec, no dia 12 de setembro.<\/p>\n<p><img loading=\"lazy\" decoding=\"async\" class=\"alignnone size-full wp-image-6785\" src=\"https:\/\/jorgezanoni.com.br\/2019\/wp-content\/uploads\/2019\/09\/cep1.jpg\" alt=\"\" width=\"900\" height=\"437\" srcset=\"https:\/\/jorgezanoni.com.br\/2019\/wp-content\/uploads\/2019\/09\/cep1.jpg 900w, https:\/\/jorgezanoni.com.br\/2019\/wp-content\/uploads\/2019\/09\/cep1-300x146.jpg 300w, https:\/\/jorgezanoni.com.br\/2019\/wp-content\/uploads\/2019\/09\/cep1-768x373.jpg 768w, https:\/\/jorgezanoni.com.br\/2019\/wp-content\/uploads\/2019\/09\/cep1-696x338.jpg 696w, https:\/\/jorgezanoni.com.br\/2019\/wp-content\/uploads\/2019\/09\/cep1-865x420.jpg 865w\" sizes=\"auto, (max-width: 900px) 100vw, 900px\" \/><\/p>\n<p style=\"text-align: justify;\">O evento foi organizado pelo curso T\u00e9cnico em Est\u00e9tica e contou com palestras sobre assuntos e novidades da \u00e1rea. A m\u00e9dica Dra. Nat\u00e1lia Housume (ginecologista) abordou o tema \u201cInflu\u00eancia dos horm\u00f4nios femininos na pele\u201d; a fisioterapeuta Francis Mon\u00e7\u00e3o falou sobre \u201cLifting facial com ultrassom microfocado\u201d; e a fisioterapeuta Fabiana Martins palestrou sobre o jato de plasma, com uma demonstra\u00e7\u00e3o pr\u00e1tica.<\/p>\n<p style=\"text-align: justify;\">A coordenadora do curso Profa. Esp. Cynthia Esteves Chitero destacou que \u201co evento foi muito importante para colocar os participantes em contato com as t\u00e9cnicas e equipamentos mais atuais do mercado da est\u00e9tica e para estimular a vinda para a nossa cidade de mais cursos com esse porte, j\u00e1 que\u00a0 precisamos nos deslocar para centros maiores em busca de atualiza\u00e7\u00f5es na \u00e1rea\u201d.<\/p>\n<p style=\"text-align: justify;\">Carolina Colnago<\/p>\n<p style=\"text-align: justify;\">Assessora de Comunica\u00e7\u00e3o da Fundec &#8211; Jornalista<\/p>\n<p style=\"text-align: justify;\">Foto: Professores do CEP\/UME e palestrantes da Jornada de Est\u00e9tica.<\/p>\n","protected":false},"excerpt":{"rendered":"<p>A est\u00e9tica \u00e9 um rio que flui, a todo momento surgem novas informa\u00e7\u00f5es, novos aparelhos e novas t\u00e9cnicas. E foi pensando nisso que o CEP\/UME realizou a 1\u00aa JORNADA DE EST\u00c9TICA DE DRACENA, na Fundec, no dia 12 de setembro. O evento foi organizado pelo curso T\u00e9cnico em Est\u00e9tica e contou com palestras sobre assuntos [&hellip;]<\/p>\n","protected":false},"author":1,"featured_media":6786,"comment_status":"closed","ping_status":"open","sticky":false,"template":"","format":"standard","meta":{"footnotes":""},"categories":[122],"tags":[],"class_list":["post-6784","post","type-post","status-publish","format-standard","has-post-thumbnail","hentry","category-saudeeducacaoeconcurso"],"_links":{"self":[{"href":"https:\/\/jorgezanoni.com.br\/2019\/wp-json\/wp\/v2\/posts\/6784","targetHints":{"allow":["GET"]}}],"collection":[{"href":"https:\/\/jorgezanoni.com.br\/2019\/wp-json\/wp\/v2\/posts"}],"about":[{"href":"https:\/\/jorgezanoni.com.br\/2019\/wp-json\/wp\/v2\/types\/post"}],"author":[{"embeddable":true,"href":"https:\/\/jorgezanoni.com.br\/2019\/wp-json\/wp\/v2\/users\/1"}],"replies":[{"embeddable":true,"href":"https:\/\/jorgezanoni.com.br\/2019\/wp-json\/wp\/v2\/comments?post=6784"}],"version-history":[{"count":0,"href":"https:\/\/jorgezanoni.com.br\/2019\/wp-json\/wp\/v2\/posts\/6784\/revisions"}],"wp:featuredmedia":[{"embeddable":true,"href":"https:\/\/jorgezanoni.com.br\/2019\/wp-json\/wp\/v2\/media\/6786"}],"wp:attachment":[{"href":"https:\/\/jorgezanoni.com.br\/2019\/wp-json\/wp\/v2\/media?parent=6784"}],"wp:term":[{"taxonomy":"category","embeddable":true,"href":"https:\/\/jorgezanoni.com.br\/2019\/wp-json\/wp\/v2\/categories?post=6784"},{"taxonomy":"post_tag","embeddable":true,"href":"https:\/\/jorgezanoni.com.br\/2019\/wp-json\/wp\/v2\/tags?post=6784"}],"curies":[{"name":"wp","href":"https:\/\/api.w.org\/{rel}","templated":true}]}}