{"id":67817,"date":"2022-08-19T22:04:22","date_gmt":"2022-08-19T22:04:22","guid":{"rendered":"https:\/\/jorgezanoni.com.br\/2019\/?p=67817"},"modified":"2022-08-19T22:04:22","modified_gmt":"2022-08-19T22:04:22","slug":"fundec-abre-processo-seletivo-para-contratacao-de-professores-para-o-ensino-superior","status":"publish","type":"post","link":"https:\/\/jorgezanoni.com.br\/2019\/fundec-abre-processo-seletivo-para-contratacao-de-professores-para-o-ensino-superior\/","title":{"rendered":"Fundec abre processo seletivo para contrata\u00e7\u00e3o de professores para o Ensino Superior"},"content":{"rendered":"<p dir=\"ltr\" style=\"text-align: justify;\">A Funda\u00e7\u00e3o Dracenense de Educa\u00e7\u00e3o e Cultura (Fundec) est\u00e1 contratando para vagas de doc\u00eancia e abriu inscri\u00e7\u00f5es para o Processo Seletivo 03\/2022. O edital est\u00e1 dispon\u00edvel no link <a href=\"https:\/\/fundec.edu.br\/editais\" target=\"_blank\" rel=\"noopener noreferrer\">https:\/\/fundec.edu.br\/editais<\/a> e os interessados devem acessar o bot\u00e3o &#8220;Portal de Inscri\u00e7\u00f5es&#8221; para se candidatar \u00e0s vagas, at\u00e9 o dia 02\/09\/2022.<\/p>\n<p dir=\"ltr\" style=\"text-align: justify;\">Os cargos s\u00e3o para professores do Ensino Superior (Medicina) e Ensinos Fundamental e M\u00e9dio (Polivalente &#8211; Pedagogia e Matem\u00e1tica, Artes, Educa\u00e7\u00e3o F\u00edsica, Geografia, Hist\u00f3ria, L\u00edngua Portuguesa, L\u00edngua Inglesa, L\u00edngua Espanhola, Matem\u00e1tica, F\u00edsica, Qu\u00edmica e Rob\u00f3tica).<\/p>\n<p dir=\"ltr\" style=\"text-align: justify;\">A prova escrita ser\u00e1 realizada no dia 10\/09, \u00e0s 9h, na Unifadra. O resultado ser\u00e1 divulgado no dia 19\/09. Os candidatos classificados ser\u00e3o convocados para a prova did\u00e1tica pr\u00e1tica.<\/p>\n<p dir=\"ltr\">Fonte: Depto. de Comunica\u00e7\u00e3o da Fundec<\/p>\n","protected":false},"excerpt":{"rendered":"<p>A Funda\u00e7\u00e3o Dracenense de Educa\u00e7\u00e3o e Cultura (Fundec) est\u00e1 contratando para vagas de doc\u00eancia e abriu inscri\u00e7\u00f5es para o Processo Seletivo 03\/2022. O edital est\u00e1 dispon\u00edvel no link https:\/\/fundec.edu.br\/editais e os interessados devem acessar o bot\u00e3o &#8220;Portal de Inscri\u00e7\u00f5es&#8221; para se candidatar \u00e0s vagas, at\u00e9 o dia 02\/09\/2022. Os cargos s\u00e3o para professores do Ensino [&hellip;]<\/p>\n","protected":false},"author":1,"featured_media":67818,"comment_status":"closed","ping_status":"open","sticky":false,"template":"","format":"standard","meta":{"footnotes":""},"categories":[110,122],"tags":[],"class_list":["post-67817","post","type-post","status-publish","format-standard","has-post-thumbnail","hentry","category-noticiasdestaque","category-saudeeducacaoeconcurso"],"_links":{"self":[{"href":"https:\/\/jorgezanoni.com.br\/2019\/wp-json\/wp\/v2\/posts\/67817","targetHints":{"allow":["GET"]}}],"collection":[{"href":"https:\/\/jorgezanoni.com.br\/2019\/wp-json\/wp\/v2\/posts"}],"about":[{"href":"https:\/\/jorgezanoni.com.br\/2019\/wp-json\/wp\/v2\/types\/post"}],"author":[{"embeddable":true,"href":"https:\/\/jorgezanoni.com.br\/2019\/wp-json\/wp\/v2\/users\/1"}],"replies":[{"embeddable":true,"href":"https:\/\/jorgezanoni.com.br\/2019\/wp-json\/wp\/v2\/comments?post=67817"}],"version-history":[{"count":1,"href":"https:\/\/jorgezanoni.com.br\/2019\/wp-json\/wp\/v2\/posts\/67817\/revisions"}],"predecessor-version":[{"id":67819,"href":"https:\/\/jorgezanoni.com.br\/2019\/wp-json\/wp\/v2\/posts\/67817\/revisions\/67819"}],"wp:featuredmedia":[{"embeddable":true,"href":"https:\/\/jorgezanoni.com.br\/2019\/wp-json\/wp\/v2\/media\/67818"}],"wp:attachment":[{"href":"https:\/\/jorgezanoni.com.br\/2019\/wp-json\/wp\/v2\/media?parent=67817"}],"wp:term":[{"taxonomy":"category","embeddable":true,"href":"https:\/\/jorgezanoni.com.br\/2019\/wp-json\/wp\/v2\/categories?post=67817"},{"taxonomy":"post_tag","embeddable":true,"href":"https:\/\/jorgezanoni.com.br\/2019\/wp-json\/wp\/v2\/tags?post=67817"}],"curies":[{"name":"wp","href":"https:\/\/api.w.org\/{rel}","templated":true}]}}