{"id":67810,"date":"2022-08-19T21:56:48","date_gmt":"2022-08-19T21:56:48","guid":{"rendered":"https:\/\/jorgezanoni.com.br\/2019\/?p=67810"},"modified":"2022-08-19T21:56:48","modified_gmt":"2022-08-19T21:56:48","slug":"unifadra-realiza-gincana-do-dia-do-estudante","status":"publish","type":"post","link":"https:\/\/jorgezanoni.com.br\/2019\/unifadra-realiza-gincana-do-dia-do-estudante\/","title":{"rendered":"Unifadra realiza Gincana do Dia do Estudante"},"content":{"rendered":"<p dir=\"ltr\" style=\"text-align: justify;\">Comemorado no Brasil no dia 11 de agosto, o Dia do Estudante \u00e9 celebrado desde 1927, ano em que completou-se o centen\u00e1rio da cria\u00e7\u00e3o dos primeiros cursos de Direito no Pa\u00eds.<br \/>\nA Unifadra realizou uma gincana com seus alunos para comemorar a data. Com muita torcida animada, suor e garra, os alunos tiveram uma noite animada no Gin\u00e1sio Galen\u00e3o.<br \/>\nA coordenadora do curso de Educa\u00e7\u00e3o F\u00edsica, Profa. Dra. Denise Bueno, organizou a competi\u00e7\u00e3o juntamente com os alunos do 8\u00ba termo do curso, que ficaram respons\u00e1veis pela elabora\u00e7\u00e3o das atividades. A atividade reuniu os cursos de Educa\u00e7\u00e3o F\u00edsica, Pedagogia, Psicologia, An\u00e1lise de Sistemas, Enfermagem e Medicina, e foi conduzida pelas professoras Esp. Regina Machado e Dra. Vanessa Andreto.<\/p>\n<p dir=\"ltr\" style=\"text-align: justify;\">Durante a semana, os alunos arrecadaram alimentos n\u00e3o perec\u00edveis para doa\u00e7\u00e3o a entidades de Dracena.<\/p>\n<p dir=\"ltr\" style=\"text-align: justify;\">Na ocasi\u00e3o, a Unifadra presenteou seus alunos com copos reutiliz\u00e1veis para a redu\u00e7\u00e3o do uso de copos descart\u00e1veis dentro da institui\u00e7\u00e3o.<\/p>\n<p dir=\"ltr\" style=\"text-align: justify;\">A coordenadora Denise Bueno ressalta que as atividades f\u00edsicas e colaborativas entre os alunos promovem a integra\u00e7\u00e3o de uma maneira simples e muito efetiva. &#8220;Os alunos puderam se divertir e aproveitar a noite para gastar energia trabalhando em equipe. Teve dan\u00e7a, teve corrida, teve estafeta e todos puderam participar&#8221;, completou a coordenadora.<\/p>\n<p dir=\"ltr\" style=\"text-align: justify;\">O diretor acad\u00eamico da Unifadra Prof. Dr. Enio Garbelini destacou que essa integra\u00e7\u00e3o dos alunos estimula o trabalho em equipe, a coopera\u00e7\u00e3o e o esp\u00edrito de lideran\u00e7a. &#8220;Foi uma competi\u00e7\u00e3o saud\u00e1vel que gerou um momento muito prazeroso aos alunos e professores&#8221;. Garbelini finalizou parabenizando os estudantes pela data.<\/p>\n<p dir=\"ltr\"><img loading=\"lazy\" decoding=\"async\" class=\"alignnone size-full wp-image-67811\" src=\"https:\/\/jorgezanoni.com.br\/2019\/wp-content\/uploads\/2022\/08\/estu.jpeg\" alt=\"\" width=\"700\" height=\"467\" srcset=\"https:\/\/jorgezanoni.com.br\/2019\/wp-content\/uploads\/2022\/08\/estu.jpeg 700w, https:\/\/jorgezanoni.com.br\/2019\/wp-content\/uploads\/2022\/08\/estu-300x200.jpeg 300w, https:\/\/jorgezanoni.com.br\/2019\/wp-content\/uploads\/2022\/08\/estu-696x464.jpeg 696w, https:\/\/jorgezanoni.com.br\/2019\/wp-content\/uploads\/2022\/08\/estu-630x420.jpeg 630w\" sizes=\"auto, (max-width: 700px) 100vw, 700px\" \/> <img loading=\"lazy\" decoding=\"async\" class=\"alignnone size-full wp-image-67812\" src=\"https:\/\/jorgezanoni.com.br\/2019\/wp-content\/uploads\/2022\/08\/estu1.jpg\" alt=\"\" width=\"700\" height=\"933\" srcset=\"https:\/\/jorgezanoni.com.br\/2019\/wp-content\/uploads\/2022\/08\/estu1.jpg 700w, https:\/\/jorgezanoni.com.br\/2019\/wp-content\/uploads\/2022\/08\/estu1-225x300.jpg 225w, https:\/\/jorgezanoni.com.br\/2019\/wp-content\/uploads\/2022\/08\/estu1-696x928.jpg 696w, https:\/\/jorgezanoni.com.br\/2019\/wp-content\/uploads\/2022\/08\/estu1-315x420.jpg 315w\" sizes=\"auto, (max-width: 700px) 100vw, 700px\" \/> <img loading=\"lazy\" decoding=\"async\" class=\"alignnone size-full wp-image-67813\" src=\"https:\/\/jorgezanoni.com.br\/2019\/wp-content\/uploads\/2022\/08\/estu2.jpg\" alt=\"\" width=\"700\" height=\"933\" srcset=\"https:\/\/jorgezanoni.com.br\/2019\/wp-content\/uploads\/2022\/08\/estu2.jpg 700w, https:\/\/jorgezanoni.com.br\/2019\/wp-content\/uploads\/2022\/08\/estu2-225x300.jpg 225w, https:\/\/jorgezanoni.com.br\/2019\/wp-content\/uploads\/2022\/08\/estu2-696x928.jpg 696w, https:\/\/jorgezanoni.com.br\/2019\/wp-content\/uploads\/2022\/08\/estu2-315x420.jpg 315w\" sizes=\"auto, (max-width: 700px) 100vw, 700px\" \/> <img loading=\"lazy\" decoding=\"async\" class=\"alignnone size-full wp-image-67814\" src=\"https:\/\/jorgezanoni.com.br\/2019\/wp-content\/uploads\/2022\/08\/estu3.jpg\" alt=\"\" width=\"700\" height=\"933\" srcset=\"https:\/\/jorgezanoni.com.br\/2019\/wp-content\/uploads\/2022\/08\/estu3.jpg 700w, https:\/\/jorgezanoni.com.br\/2019\/wp-content\/uploads\/2022\/08\/estu3-225x300.jpg 225w, https:\/\/jorgezanoni.com.br\/2019\/wp-content\/uploads\/2022\/08\/estu3-696x928.jpg 696w, https:\/\/jorgezanoni.com.br\/2019\/wp-content\/uploads\/2022\/08\/estu3-315x420.jpg 315w\" sizes=\"auto, (max-width: 700px) 100vw, 700px\" \/>Fonte: Depto. de Comunica\u00e7\u00e3o da Fundec<\/p>\n","protected":false},"excerpt":{"rendered":"<p>Comemorado no Brasil no dia 11 de agosto, o Dia do Estudante \u00e9 celebrado desde 1927, ano em que completou-se o centen\u00e1rio da cria\u00e7\u00e3o dos primeiros cursos de Direito no Pa\u00eds. A Unifadra realizou uma gincana com seus alunos para comemorar a data. Com muita torcida animada, suor e garra, os alunos tiveram uma noite [&hellip;]<\/p>\n","protected":false},"author":1,"featured_media":67815,"comment_status":"closed","ping_status":"open","sticky":false,"template":"","format":"standard","meta":{"footnotes":""},"categories":[110,122],"tags":[],"class_list":["post-67810","post","type-post","status-publish","format-standard","has-post-thumbnail","hentry","category-noticiasdestaque","category-saudeeducacaoeconcurso"],"_links":{"self":[{"href":"https:\/\/jorgezanoni.com.br\/2019\/wp-json\/wp\/v2\/posts\/67810","targetHints":{"allow":["GET"]}}],"collection":[{"href":"https:\/\/jorgezanoni.com.br\/2019\/wp-json\/wp\/v2\/posts"}],"about":[{"href":"https:\/\/jorgezanoni.com.br\/2019\/wp-json\/wp\/v2\/types\/post"}],"author":[{"embeddable":true,"href":"https:\/\/jorgezanoni.com.br\/2019\/wp-json\/wp\/v2\/users\/1"}],"replies":[{"embeddable":true,"href":"https:\/\/jorgezanoni.com.br\/2019\/wp-json\/wp\/v2\/comments?post=67810"}],"version-history":[{"count":1,"href":"https:\/\/jorgezanoni.com.br\/2019\/wp-json\/wp\/v2\/posts\/67810\/revisions"}],"predecessor-version":[{"id":67816,"href":"https:\/\/jorgezanoni.com.br\/2019\/wp-json\/wp\/v2\/posts\/67810\/revisions\/67816"}],"wp:featuredmedia":[{"embeddable":true,"href":"https:\/\/jorgezanoni.com.br\/2019\/wp-json\/wp\/v2\/media\/67815"}],"wp:attachment":[{"href":"https:\/\/jorgezanoni.com.br\/2019\/wp-json\/wp\/v2\/media?parent=67810"}],"wp:term":[{"taxonomy":"category","embeddable":true,"href":"https:\/\/jorgezanoni.com.br\/2019\/wp-json\/wp\/v2\/categories?post=67810"},{"taxonomy":"post_tag","embeddable":true,"href":"https:\/\/jorgezanoni.com.br\/2019\/wp-json\/wp\/v2\/tags?post=67810"}],"curies":[{"name":"wp","href":"https:\/\/api.w.org\/{rel}","templated":true}]}}