{"id":6781,"date":"2019-09-20T23:31:57","date_gmt":"2019-09-20T23:31:57","guid":{"rendered":"https:\/\/jorgezanoni.com.br\/2019\/?p=6781"},"modified":"2019-09-20T23:31:57","modified_gmt":"2019-09-20T23:31:57","slug":"alunas-de-enfermagem-da-unifadra-realizam-intercambio-em-portugal","status":"publish","type":"post","link":"https:\/\/jorgezanoni.com.br\/2019\/alunas-de-enfermagem-da-unifadra-realizam-intercambio-em-portugal\/","title":{"rendered":"Alunas de Enfermagem da Unifadra realizam interc\u00e2mbio em Portugal"},"content":{"rendered":"<p style=\"font-weight: 400; text-align: justify;\">Dando continuidade ao processo de internacionaliza\u00e7\u00e3o da Institui\u00e7\u00e3o, por meio do interc\u00e2mbio com universidades de v\u00e1rios pa\u00edses, as alunas do curso de Enfermagem da Unifadra\/Fundec de Dracena B\u00e1rbara Tonasse e Tayn\u00e1 Moraes Ferreira realizaram um interc\u00e2mbio em Portugal, de junho a setembro de 2019. As alunas foram contempladas pelos Programas Bolsas Santander Mundi e Ibero-Americanas.<br \/>\nSeguindo os planos de estudos realizados e sendo apoiadas pela coordenadora de Enfermagem da Unifadra Profa. Dra. Lilian Carla Ferrari S. Pan\u00edcio, as alunas participaram de cursos, congressos, projetos, entre outros, na Universidade de \u00c9vora &#8211; Escola Superior de Enfermagem S\u00e3o Jo\u00e3o de Deus, na cidade de \u00c9vora.<br \/>\nB\u00e1rbara Bernardo Tonasse participou do Projeto Funcionalidade e Institucionaliza\u00e7\u00e3o, constitu\u00eddo por todos os idosos institucionalizados,e Estruturas Residenciais para Pessoas Idosas (ERPI) no Conselho de \u00c9vora, e outro constitu\u00eddo por idosos a residir no seu domic\u00edlio. A graduanda da Unifadra tamb\u00e9m esteve na 7\u00aa edi\u00e7\u00e3o do Curso de Primeiros Socorros em Situa\u00e7\u00e3o de Doen\u00e7a Aguda e Trauma e Suporte B\u00e1sico de Vida.<\/p>\n<p style=\"font-weight: 400; text-align: justify;\">B\u00e1rbara e Tayn\u00e1 participaram do Summer School \u2013 Gerontechnology and Eldercare, no \u00e2mbito do projeto Instituto Internacional de Investiga\u00e7\u00e3o e Inova\u00e7\u00e3o do Envelhecimento, financiado pelo Interreg, ajudando na organiza\u00e7\u00e3o e tamb\u00e9m acompanhando as apresenta\u00e7\u00f5es. Na \u00e1rea da pesquisa, as alunas participaram do projeto da Profa. Dra. Margarida Sim Sim, de t\u00edtulo \u201cMental Health in Clinical Learning Environment in Portuguese and Turkish Nursing Students\u201d, realizando a transcri\u00e7\u00e3o de dados para a plataforma digital, dando suporte \u00e0 equipe de pesquisa.<\/p>\n<p style=\"font-weight: 400; text-align: justify;\">\u201cEstudar na segunda universidade a ser criada em Portugal foi muito especial. Pude ver como \u00e9 importante o investimento em pesquisa. Tive a oportunidade de conhecer Dubai, al\u00e9m de poder viver esse tempo em \u00c9vora, uma cidade que \u00e9 considerada patrim\u00f4nio mundial da Unesco e um museu a c\u00e9u aberto. Tive a oportunidade de conhecer lugares com mais de dois mil anos de exist\u00eancia, obras bel\u00edssimas em museus e igrejas que n\u00e3o tenho nem adjetivos para descrever. Foi m\u00e1gico!\u201d, descreveu a aluna B\u00e1rbara.<\/p>\n<p style=\"font-weight: 400; text-align: justify;\">Para Tayn\u00e1 Ferreira, foi uma experi\u00eancia de grande conhecimento, e choque cultural. \u201cA forma de ensino te faz querer estudar para chegar naquele modelo de profissional. Eu fiquei em um hostel, onde eu morava com pessoas de diversos pa\u00edses e com culturas diferentes. Eu dividia meu quarto com duas \u00e1rabes e essa foi a experi\u00eancia mais incr\u00edvel que eu j\u00e1 tive, pois aprendi a lidar com as diferen\u00e7as religiosas, comida,\u00a0 vestimenta, e criei um la\u00e7o muito grande. A faculdade me proporcionou uma oportunidade \u00fanica, isso ser\u00e1 uma experi\u00eancia profissional de grande valor ao meu curr\u00edculo, vai me abrir muitas portas em minha carreira\u201d, comentou a graduanda da Unifadra.<br \/>\nSegundo o diretor acad\u00eamico da Unifadra Prof. Dr. Enio Garbelini, os programas do Santander Universidades visam proporcionar aos estudantes a oportunidade de acesso a outras culturas e a complementa\u00e7\u00e3o do seu curr\u00edculo por meio de interc\u00e2mbios com institui\u00e7\u00f5es de ensino superior vinculadas ao programa.<\/p>\n<p style=\"font-weight: 400; text-align: justify;\">Carolina Colnago<\/p>\n<p style=\"font-weight: 400; text-align: justify;\">Assessora de Comunica\u00e7\u00e3o da Fundec &#8211; Jornalista<\/p>\n<p style=\"text-align: justify;\">Foto: B\u00e1rbara e Tayn\u00e1, alunas da Unifadra que fizeram o interc\u00e2mbio em Portugal.<\/p>\n","protected":false},"excerpt":{"rendered":"<p>Dando continuidade ao processo de internacionaliza\u00e7\u00e3o da Institui\u00e7\u00e3o, por meio do interc\u00e2mbio com universidades de v\u00e1rios pa\u00edses, as alunas do curso de Enfermagem da Unifadra\/Fundec de Dracena B\u00e1rbara Tonasse e Tayn\u00e1 Moraes Ferreira realizaram um interc\u00e2mbio em Portugal, de junho a setembro de 2019. As alunas foram contempladas pelos Programas Bolsas Santander Mundi e Ibero-Americanas. [&hellip;]<\/p>\n","protected":false},"author":1,"featured_media":6782,"comment_status":"closed","ping_status":"open","sticky":false,"template":"","format":"standard","meta":{"footnotes":""},"categories":[110,122],"tags":[],"class_list":["post-6781","post","type-post","status-publish","format-standard","has-post-thumbnail","hentry","category-noticiasdestaque","category-saudeeducacaoeconcurso"],"_links":{"self":[{"href":"https:\/\/jorgezanoni.com.br\/2019\/wp-json\/wp\/v2\/posts\/6781","targetHints":{"allow":["GET"]}}],"collection":[{"href":"https:\/\/jorgezanoni.com.br\/2019\/wp-json\/wp\/v2\/posts"}],"about":[{"href":"https:\/\/jorgezanoni.com.br\/2019\/wp-json\/wp\/v2\/types\/post"}],"author":[{"embeddable":true,"href":"https:\/\/jorgezanoni.com.br\/2019\/wp-json\/wp\/v2\/users\/1"}],"replies":[{"embeddable":true,"href":"https:\/\/jorgezanoni.com.br\/2019\/wp-json\/wp\/v2\/comments?post=6781"}],"version-history":[{"count":0,"href":"https:\/\/jorgezanoni.com.br\/2019\/wp-json\/wp\/v2\/posts\/6781\/revisions"}],"wp:featuredmedia":[{"embeddable":true,"href":"https:\/\/jorgezanoni.com.br\/2019\/wp-json\/wp\/v2\/media\/6782"}],"wp:attachment":[{"href":"https:\/\/jorgezanoni.com.br\/2019\/wp-json\/wp\/v2\/media?parent=6781"}],"wp:term":[{"taxonomy":"category","embeddable":true,"href":"https:\/\/jorgezanoni.com.br\/2019\/wp-json\/wp\/v2\/categories?post=6781"},{"taxonomy":"post_tag","embeddable":true,"href":"https:\/\/jorgezanoni.com.br\/2019\/wp-json\/wp\/v2\/tags?post=6781"}],"curies":[{"name":"wp","href":"https:\/\/api.w.org\/{rel}","templated":true}]}}