{"id":67789,"date":"2022-08-18T22:24:16","date_gmt":"2022-08-18T22:24:16","guid":{"rendered":"https:\/\/jorgezanoni.com.br\/2019\/?p=67789"},"modified":"2022-08-18T22:24:16","modified_gmt":"2022-08-18T22:24:16","slug":"transtorno-dissociativo-o-que-e","status":"publish","type":"post","link":"https:\/\/jorgezanoni.com.br\/2019\/transtorno-dissociativo-o-que-e\/","title":{"rendered":"Transtorno dissociativo: O que \u00e9?"},"content":{"rendered":"<p style=\"text-align: justify;\">A\u00a0dissocia\u00e7\u00e3o\u00a0\u00e9 uma altera\u00e7\u00e3o na consci\u00eancia que provoca um distanciamento s\u00fabito da pessoa com a realidade. Voc\u00ea j\u00e1 teve a sensa\u00e7\u00e3o de estar desconectado de si mesmo e do mundo como se sua mente estivesse em outro lugar e fora de sintonia? Isso pode acontecer durante as atividades di\u00e1rias.<\/p>\n<p style=\"text-align: justify;\">Esses momentos de desconex\u00e3o com a realidade acontecem com todas as pessoas. \u00c9 como se tivesse nos sequestrados e o momento fica vago e n\u00e3o conectamos com o que est\u00e1 acontecendo a nossa volta e nem com o que est\u00e1 sendo dito.<\/p>\n<p style=\"text-align: justify;\">Ele interfere no desempenho das pessoas em seu dia a dia. \u00a0Perdemos o controle das nossas emo\u00e7\u00f5es, comportamentos, percep\u00e7\u00e3o do que est\u00e1 acontecendo, controle do movimento, nossa identidade e outros fatores s\u00e3o prejudicados durante o epis\u00f3dio dissociativo que deixa a pessoa a\u00e9rea.<\/p>\n<p style=\"text-align: justify;\">\u00a0A pessoa pode dissociar por um grau de estresse muito elevado se o indiv\u00edduo estiver passando por acontecimentos triste. Essa rea\u00e7\u00e3o pode ser desencadeada como um mecanismo de defesa do organismo diante de acontecimentos graves como um acidente ou perdas de pessoas muito queridas.<\/p>\n<p style=\"text-align: justify;\">\u00a0A pessoa se esquece de ter presenciado o momento traum\u00e1tico. No entanto pessoas com muita ansiedade e depress\u00e3o podem dissociar n\u00e3o conseguindo lembrar de conte\u00fados de conversas ou de fatos recentes. Os epis\u00f3dios podem acontecer esporadicamente ou com frequ\u00eancia e pode ser desencadeada por est\u00edmulos emocionais.<\/p>\n<p style=\"text-align: justify;\">O indiv\u00edduo pode n\u00e3o conseguir dizer quais das suas mem\u00f3rias s\u00e3o realidade ou fantasia e isso gera ansiedade. E durante a dissocia\u00e7\u00e3o a pessoa tem altera\u00e7\u00f5es f\u00edsicas. As causas podem ser de eventos traum\u00e1ticos na inf\u00e2ncia, como abuso grave, abandono, maus tratos entre outros.<\/p>\n<p style=\"text-align: justify;\">\u00a0O tratamento \u00e9 feito atrav\u00e9s de terapias comportamental que \u00e9 bastante utilizada para esse transtorno.\u00a0 Praticar atividades prazerosas pode ajudar na recupera\u00e7\u00e3o. Se voc\u00ea conhece pessoas com esse transtorno oriente para que procure ajuda de um profissional da sa\u00fade.<\/p>\n<p><img loading=\"lazy\" decoding=\"async\" class=\"alignnone size-full wp-image-67210 td-animation-stack-type0-2\" src=\"https:\/\/jorgezanoni.com.br\/2019\/wp-content\/uploads\/2022\/08\/Cidinha-Pascoaloto.jpg\" sizes=\"auto, (max-width: 500px) 100vw, 500px\" srcset=\"https:\/\/jorgezanoni.com.br\/2019\/wp-content\/uploads\/2022\/08\/Cidinha-Pascoaloto.jpg 500w, https:\/\/jorgezanoni.com.br\/2019\/wp-content\/uploads\/2022\/08\/Cidinha-Pascoaloto-199x300.jpg 199w, https:\/\/jorgezanoni.com.br\/2019\/wp-content\/uploads\/2022\/08\/Cidinha-Pascoaloto-278x420.jpg 278w\" alt=\"\" width=\"500\" height=\"755\" \/><\/p>\n<p style=\"text-align: justify;\">Cidinha Pascoaloto-Psic\u00f3loga- Gerando Transforma\u00e7\u00e3o.\u00a0Terapia Cognitivo Comportamental +5518 99725-6418 \u2013\u00a0CRP 06\/158174<\/p>\n<p>&nbsp;<\/p>\n<p>&nbsp;<\/p>\n","protected":false},"excerpt":{"rendered":"<p>A\u00a0dissocia\u00e7\u00e3o\u00a0\u00e9 uma altera\u00e7\u00e3o na consci\u00eancia que provoca um distanciamento s\u00fabito da pessoa com a realidade. Voc\u00ea j\u00e1 teve a sensa\u00e7\u00e3o de estar desconectado de si mesmo e do mundo como se sua mente estivesse em outro lugar e fora de sintonia? Isso pode acontecer durante as atividades di\u00e1rias. Esses momentos de desconex\u00e3o com a realidade [&hellip;]<\/p>\n","protected":false},"author":1,"featured_media":67790,"comment_status":"closed","ping_status":"open","sticky":false,"template":"","format":"standard","meta":{"footnotes":""},"categories":[175],"tags":[],"class_list":["post-67789","post","type-post","status-publish","format-standard","has-post-thumbnail","hentry","category-artigos"],"_links":{"self":[{"href":"https:\/\/jorgezanoni.com.br\/2019\/wp-json\/wp\/v2\/posts\/67789","targetHints":{"allow":["GET"]}}],"collection":[{"href":"https:\/\/jorgezanoni.com.br\/2019\/wp-json\/wp\/v2\/posts"}],"about":[{"href":"https:\/\/jorgezanoni.com.br\/2019\/wp-json\/wp\/v2\/types\/post"}],"author":[{"embeddable":true,"href":"https:\/\/jorgezanoni.com.br\/2019\/wp-json\/wp\/v2\/users\/1"}],"replies":[{"embeddable":true,"href":"https:\/\/jorgezanoni.com.br\/2019\/wp-json\/wp\/v2\/comments?post=67789"}],"version-history":[{"count":1,"href":"https:\/\/jorgezanoni.com.br\/2019\/wp-json\/wp\/v2\/posts\/67789\/revisions"}],"predecessor-version":[{"id":67791,"href":"https:\/\/jorgezanoni.com.br\/2019\/wp-json\/wp\/v2\/posts\/67789\/revisions\/67791"}],"wp:featuredmedia":[{"embeddable":true,"href":"https:\/\/jorgezanoni.com.br\/2019\/wp-json\/wp\/v2\/media\/67790"}],"wp:attachment":[{"href":"https:\/\/jorgezanoni.com.br\/2019\/wp-json\/wp\/v2\/media?parent=67789"}],"wp:term":[{"taxonomy":"category","embeddable":true,"href":"https:\/\/jorgezanoni.com.br\/2019\/wp-json\/wp\/v2\/categories?post=67789"},{"taxonomy":"post_tag","embeddable":true,"href":"https:\/\/jorgezanoni.com.br\/2019\/wp-json\/wp\/v2\/tags?post=67789"}],"curies":[{"name":"wp","href":"https:\/\/api.w.org\/{rel}","templated":true}]}}