{"id":67784,"date":"2022-08-18T21:54:02","date_gmt":"2022-08-18T21:54:02","guid":{"rendered":"https:\/\/jorgezanoni.com.br\/2019\/?p=67784"},"modified":"2022-08-18T21:55:16","modified_gmt":"2022-08-18T21:55:16","slug":"unesp-comemora-19-anos-em-dracena","status":"publish","type":"post","link":"https:\/\/jorgezanoni.com.br\/2019\/unesp-comemora-19-anos-em-dracena\/","title":{"rendered":"Unesp comemora 19 anos em Dracena"},"content":{"rendered":"<p style=\"text-align: justify;\"><strong>Em 18 de agosto, a FCAT completa mais um anivers\u00e1rio.<\/strong><\/p>\n<p style=\"text-align: justify;\">Neste m\u00eas de agosto de 2022, a Faculdade de Ci\u00eancias Agr\u00e1rias e Tecnol\u00f3gicas (FCAT)\u00a0 da Unesp, C\u00e2mpus de Dracena est\u00e1 completando 19 anos de contribui\u00e7\u00e3o ao ensino, \u00e0 pesquisa e \u00e0 extens\u00e3o, n\u00e3o somente para Dracena e regi\u00e3o, mas tamb\u00e9m para o Brasil e o exterior.<\/p>\n<p style=\"text-align: justify;\">A Faculdade est\u00e1 instalada em uma \u00e1rea de 53 hectares situada \u00e0s margens da Rodovia Comandante Jo\u00e3o Ribeiro de Barros, km 651, e conta com diversas instala\u00e7\u00f5es f\u00edsicas, que abrigam salas de aulas, biblioteca, administra\u00e7\u00e3o, sala de docentes, laborat\u00f3rios did\u00e1ticos e de pesquisa, cantina, audit\u00f3rio, instala\u00e7\u00f5es agropecu\u00e1rias, entre outros, em uma \u00e1rea total constru\u00edda de 8.600 m<sup>2<\/sup>.<\/p>\n<p style=\"text-align: justify;\">Atualmente, a FCAT conta com os cursos de gradua\u00e7\u00e3o em Zootecnia (200 alunos) e Engenharia Agron\u00f4mica (235 alunos), ambos com o m\u00ednimo de 50% das vagas destinadas a alunos de provenientes de escolas p\u00fablicas,\u00a0 e o curso de p\u00f3s-gradua\u00e7\u00e3o em Ci\u00eancia e Tecnologia Animal (50 alunos), este \u00faltimo em parceria com o C\u00e2mpus de Ilha Solteira. Ainda, v\u00e1rios docentes de nosso C\u00e2mpus est\u00e3o credenciados para orientar alunos em cursos de p\u00f3s-gradua\u00e7\u00e3o sediados em outras unidades da Unesp (Ilha Solteira, Jaboticabal e Botucatu).<\/p>\n<p style=\"text-align: justify;\">Al\u00e9m de v\u00e1rios projetos de pesquisa que contribuem para o desenvolvimento da ci\u00eancia no Brasil e no mundo, a FCAT executa projetos e programas de extens\u00e3o que s\u00e3o oferecidos anualmente \u00e0 comunidade externa, tais\u00a0como o Cursinho Pr\u00e9-Vestibular Alvo, que acontece em parceria com a Prefeitura Municipal de Dracena e oferece aulas no per\u00edodo noturno para alunos de escolas p\u00fablicas de Dracena e regi\u00e3o que querem se preparar para o vestibular ou ENEM, e a Unati &#8211; Universidade Aberta \u00e0 Terceira Idade, que acontece em parceria com a Unifadra .<\/p>\n<p style=\"text-align: justify;\">Al\u00e9m dos cerca de 500 estudantes, na FCAT h\u00e1 39 docentes, 50 t\u00e9cnico-administrativos e 18 funcion\u00e1rios terceirizados, que moram em Dracena e regi\u00e3o e que movimentam a economia desses locais, principalmente o mercado imobili\u00e1rio e o com\u00e9rcio em geral.<\/p>\n<p style=\"text-align: justify;\">Portanto, nesses 19 anos de exist\u00eancia, a FCAT vem oferecendo ENSINO P\u00daBLICO E GRATUITO de excelente qualidade, realizando pesquisas de reconhecimento nacional e internacional e proporcionando \u00e0 comunidade servi\u00e7os de extens\u00e3o em diferentes \u00e1reas. S\u00e3o muitos ainda os desafios externos e internos que a universidade p\u00fablica continua a enfrentar, principalmente durante a pandemia do Covid-19, como, por exemplo, continuar oferecendo ensino, pesquisa e extens\u00e3o de qualidade, ao lado da crescente demanda de inclus\u00e3o social.<\/p>\n<p><img loading=\"lazy\" decoding=\"async\" class=\"alignnone size-full wp-image-67786\" src=\"https:\/\/jorgezanoni.com.br\/2019\/wp-content\/uploads\/2022\/08\/u1.jpg\" alt=\"\" width=\"500\" height=\"333\" srcset=\"https:\/\/jorgezanoni.com.br\/2019\/wp-content\/uploads\/2022\/08\/u1.jpg 500w, https:\/\/jorgezanoni.com.br\/2019\/wp-content\/uploads\/2022\/08\/u1-300x200.jpg 300w\" sizes=\"auto, (max-width: 500px) 100vw, 500px\" \/> <img loading=\"lazy\" decoding=\"async\" class=\"alignnone size-full wp-image-67787\" src=\"https:\/\/jorgezanoni.com.br\/2019\/wp-content\/uploads\/2022\/08\/u2.jpg\" alt=\"\" width=\"500\" height=\"333\" srcset=\"https:\/\/jorgezanoni.com.br\/2019\/wp-content\/uploads\/2022\/08\/u2.jpg 500w, https:\/\/jorgezanoni.com.br\/2019\/wp-content\/uploads\/2022\/08\/u2-300x200.jpg 300w\" sizes=\"auto, (max-width: 500px) 100vw, 500px\" \/><\/p>\n<p style=\"text-align: justify;\">Diretoria da FCAT<\/p>\n","protected":false},"excerpt":{"rendered":"<p>Em 18 de agosto, a FCAT completa mais um anivers\u00e1rio. Neste m\u00eas de agosto de 2022, a Faculdade de Ci\u00eancias Agr\u00e1rias e Tecnol\u00f3gicas (FCAT)\u00a0 da Unesp, C\u00e2mpus de Dracena est\u00e1 completando 19 anos de contribui\u00e7\u00e3o ao ensino, \u00e0 pesquisa e \u00e0 extens\u00e3o, n\u00e3o somente para Dracena e regi\u00e3o, mas tamb\u00e9m para o Brasil e o [&hellip;]<\/p>\n","protected":false},"author":1,"featured_media":67785,"comment_status":"closed","ping_status":"open","sticky":false,"template":"","format":"standard","meta":{"footnotes":""},"categories":[110,122],"tags":[],"class_list":["post-67784","post","type-post","status-publish","format-standard","has-post-thumbnail","hentry","category-noticiasdestaque","category-saudeeducacaoeconcurso"],"_links":{"self":[{"href":"https:\/\/jorgezanoni.com.br\/2019\/wp-json\/wp\/v2\/posts\/67784","targetHints":{"allow":["GET"]}}],"collection":[{"href":"https:\/\/jorgezanoni.com.br\/2019\/wp-json\/wp\/v2\/posts"}],"about":[{"href":"https:\/\/jorgezanoni.com.br\/2019\/wp-json\/wp\/v2\/types\/post"}],"author":[{"embeddable":true,"href":"https:\/\/jorgezanoni.com.br\/2019\/wp-json\/wp\/v2\/users\/1"}],"replies":[{"embeddable":true,"href":"https:\/\/jorgezanoni.com.br\/2019\/wp-json\/wp\/v2\/comments?post=67784"}],"version-history":[{"count":1,"href":"https:\/\/jorgezanoni.com.br\/2019\/wp-json\/wp\/v2\/posts\/67784\/revisions"}],"predecessor-version":[{"id":67788,"href":"https:\/\/jorgezanoni.com.br\/2019\/wp-json\/wp\/v2\/posts\/67784\/revisions\/67788"}],"wp:featuredmedia":[{"embeddable":true,"href":"https:\/\/jorgezanoni.com.br\/2019\/wp-json\/wp\/v2\/media\/67785"}],"wp:attachment":[{"href":"https:\/\/jorgezanoni.com.br\/2019\/wp-json\/wp\/v2\/media?parent=67784"}],"wp:term":[{"taxonomy":"category","embeddable":true,"href":"https:\/\/jorgezanoni.com.br\/2019\/wp-json\/wp\/v2\/categories?post=67784"},{"taxonomy":"post_tag","embeddable":true,"href":"https:\/\/jorgezanoni.com.br\/2019\/wp-json\/wp\/v2\/tags?post=67784"}],"curies":[{"name":"wp","href":"https:\/\/api.w.org\/{rel}","templated":true}]}}