{"id":67778,"date":"2022-08-18T21:45:04","date_gmt":"2022-08-18T21:45:04","guid":{"rendered":"https:\/\/jorgezanoni.com.br\/2019\/?p=67778"},"modified":"2022-08-18T21:45:04","modified_gmt":"2022-08-18T21:45:04","slug":"colegio-anglo-cid-celebrou-o-dia-do-estudante-com-gincana","status":"publish","type":"post","link":"https:\/\/jorgezanoni.com.br\/2019\/colegio-anglo-cid-celebrou-o-dia-do-estudante-com-gincana\/","title":{"rendered":"Col\u00e9gio Anglo-CID celebrou o Dia do Estudante com gincana"},"content":{"rendered":"<h3 style=\"text-align: justify;\">As turmas do Cole\u0301gio Anglo-CID foram distribu\u00eddas em tre\u0302s peri\u0301odos para que todos os alunos pudessem participar de uma gincana esportiva celebrando o Dia do Estudante!<\/p>\n<p>Realizadas no Gin\u00e1sio Galen\u00e3o, as atividades iniciaram no dia 10, comandadas pelo Prof. Esp. Rubens Rollo Cavallin Junior. Os alunos do 6\u00ba ao 9\u00ba ano e do Ensino Me\u0301dio foram divididos nas equipes verde, azul, vermelho e roxo, e os alunos se divertiram com tarefas inusitadas em uma sauda\u0301vel competic\u0327a\u0303o! Esta turma mais velha ainda realizou uma bateria de 12 perguntas e os erros valiam uma torta na cara do advers\u00e1rio.<\/p>\n<p>Teve corrida com equil\u00edbrio de bola em cone, fila para passar a bola por cima da cabe\u00e7a e depois por baixo das pernas dos participantes, arremesso de bambol\u00ea, corrida com tr\u00eas bolas, contorcionismo para revezamento do arco (equipes em c\u00edrculo, com as m\u00e3os dadas, fazem o bambol\u00ea circular passando cada membro do grupo por dentro dele sem soltar as m\u00e3os), basquete, corrida do sushi.<\/p>\n<p>No Dia do Estudante (11\/08), foi a vez dos professores das turmas dos 1\u00ba e 2\u00ba anos do ensino fundamental do Col\u00e9gio Anglo-CID levarem seus alunos para participar da gincana. A equipe pedag\u00f3gica ainda preparou um lanchinho especial que foi entregue a todos os alunos do col\u00e9gio para celebrar a data. Finalizando as atividades comemorativas, no dia 12\/08, foi a vez alunos do 3\u00ba ao 5\u00ba ano realizarem as provas da gincana.<\/p>\n<p>Quem coordenou a gincana dos pequenos foi a Profa. Esp. Aline Siqueira, que chamou os grupos para corrida em dupla com uma perna amarrada ao par, pegue o rabo, desate os n\u00f3s, corrida nos pneus e corrida da vassoura com bola.Todas as atividades foram acompanhadas pelo corpo docente do Anglo em suas respectivas turmas.<\/p>\n<p>A diretora Eul\u00e1lia Pires Fava agradeceu os professores que apoiaram as atividades e ressaltou que\u00a0\u00a0foi uma comemora\u00e7\u00e3o muito especial, ap\u00f3s a pandemia, reunir os alunos e toda equipe para este momento de descontra\u00e7\u00e3o. Tamb\u00e9m parabenizou os alunos pelo Dia do Estudante.<\/h3>\n<p><img loading=\"lazy\" decoding=\"async\" class=\"alignnone size-full wp-image-67779\" src=\"https:\/\/jorgezanoni.com.br\/2019\/wp-content\/uploads\/2022\/08\/ex-1.jpg\" alt=\"\" width=\"500\" height=\"281\" srcset=\"https:\/\/jorgezanoni.com.br\/2019\/wp-content\/uploads\/2022\/08\/ex-1.jpg 500w, https:\/\/jorgezanoni.com.br\/2019\/wp-content\/uploads\/2022\/08\/ex-1-300x169.jpg 300w\" sizes=\"auto, (max-width: 500px) 100vw, 500px\" \/> <img loading=\"lazy\" decoding=\"async\" class=\"alignnone size-full wp-image-67781\" src=\"https:\/\/jorgezanoni.com.br\/2019\/wp-content\/uploads\/2022\/08\/ex2.jpg\" alt=\"\" width=\"500\" height=\"281\" srcset=\"https:\/\/jorgezanoni.com.br\/2019\/wp-content\/uploads\/2022\/08\/ex2.jpg 500w, https:\/\/jorgezanoni.com.br\/2019\/wp-content\/uploads\/2022\/08\/ex2-300x169.jpg 300w\" sizes=\"auto, (max-width: 500px) 100vw, 500px\" \/> <img loading=\"lazy\" decoding=\"async\" class=\"alignnone size-full wp-image-67782\" src=\"https:\/\/jorgezanoni.com.br\/2019\/wp-content\/uploads\/2022\/08\/ex3.jpg\" alt=\"\" width=\"500\" height=\"281\" srcset=\"https:\/\/jorgezanoni.com.br\/2019\/wp-content\/uploads\/2022\/08\/ex3.jpg 500w, https:\/\/jorgezanoni.com.br\/2019\/wp-content\/uploads\/2022\/08\/ex3-300x169.jpg 300w\" sizes=\"auto, (max-width: 500px) 100vw, 500px\" \/><\/p>\n<p>Fonte: Depto. de Comunica\u00e7\u00e3o da Fundec<\/p>\n","protected":false},"excerpt":{"rendered":"<p>As turmas do Cole\u0301gio Anglo-CID foram distribu\u00eddas em tre\u0302s peri\u0301odos para que todos os alunos pudessem participar de uma gincana esportiva celebrando o Dia do Estudante! Realizadas no Gin\u00e1sio Galen\u00e3o, as atividades iniciaram no dia 10, comandadas pelo Prof. Esp. Rubens Rollo Cavallin Junior. Os alunos do 6\u00ba ao 9\u00ba ano e do Ensino Me\u0301dio [&hellip;]<\/p>\n","protected":false},"author":1,"featured_media":67780,"comment_status":"closed","ping_status":"open","sticky":false,"template":"","format":"standard","meta":{"footnotes":""},"categories":[110,122],"tags":[],"class_list":["post-67778","post","type-post","status-publish","format-standard","has-post-thumbnail","hentry","category-noticiasdestaque","category-saudeeducacaoeconcurso"],"_links":{"self":[{"href":"https:\/\/jorgezanoni.com.br\/2019\/wp-json\/wp\/v2\/posts\/67778","targetHints":{"allow":["GET"]}}],"collection":[{"href":"https:\/\/jorgezanoni.com.br\/2019\/wp-json\/wp\/v2\/posts"}],"about":[{"href":"https:\/\/jorgezanoni.com.br\/2019\/wp-json\/wp\/v2\/types\/post"}],"author":[{"embeddable":true,"href":"https:\/\/jorgezanoni.com.br\/2019\/wp-json\/wp\/v2\/users\/1"}],"replies":[{"embeddable":true,"href":"https:\/\/jorgezanoni.com.br\/2019\/wp-json\/wp\/v2\/comments?post=67778"}],"version-history":[{"count":1,"href":"https:\/\/jorgezanoni.com.br\/2019\/wp-json\/wp\/v2\/posts\/67778\/revisions"}],"predecessor-version":[{"id":67783,"href":"https:\/\/jorgezanoni.com.br\/2019\/wp-json\/wp\/v2\/posts\/67778\/revisions\/67783"}],"wp:featuredmedia":[{"embeddable":true,"href":"https:\/\/jorgezanoni.com.br\/2019\/wp-json\/wp\/v2\/media\/67780"}],"wp:attachment":[{"href":"https:\/\/jorgezanoni.com.br\/2019\/wp-json\/wp\/v2\/media?parent=67778"}],"wp:term":[{"taxonomy":"category","embeddable":true,"href":"https:\/\/jorgezanoni.com.br\/2019\/wp-json\/wp\/v2\/categories?post=67778"},{"taxonomy":"post_tag","embeddable":true,"href":"https:\/\/jorgezanoni.com.br\/2019\/wp-json\/wp\/v2\/tags?post=67778"}],"curies":[{"name":"wp","href":"https:\/\/api.w.org\/{rel}","templated":true}]}}