{"id":67767,"date":"2022-08-18T21:33:29","date_gmt":"2022-08-18T21:33:29","guid":{"rendered":"https:\/\/jorgezanoni.com.br\/2019\/?p=67767"},"modified":"2022-08-18T21:33:29","modified_gmt":"2022-08-18T21:33:29","slug":"anglo-cid-comemora-dia-dos-pais-com-atividades-recreativas","status":"publish","type":"post","link":"https:\/\/jorgezanoni.com.br\/2019\/anglo-cid-comemora-dia-dos-pais-com-atividades-recreativas\/","title":{"rendered":"Anglo-CID comemora Dia dos Pais com atividades recreativas"},"content":{"rendered":"<div style=\"text-align: justify;\">O Col\u00e9gio Anglo-CID realizou a comemora\u00e7\u00e3o do Dia dos Pais no \u00faltimo s\u00e1bado (13), com atividades de recrea\u00e7\u00e3o no Gin\u00e1sio Galen\u00e3o. A recrea\u00e7\u00e3o ficou por conta dos professores Rubens Rollo Cavallin J\u00fanior (Rubinho) e Aline Siqueira, e proporcionou momentos de intera\u00e7\u00e3o e troca de conhecimentos entre pais e filhos, que puderam brincar com carrinhos de rolim\u00e3 e slackline.<\/div>\n<div>\n<p dir=\"ltr\" style=\"text-align: justify;\">A diretora do Anglo-CID Eul\u00e1lia Pires Fava ressaltou que o evento aproximou o pai do ambiente escolar em que vive o filho, permitindo que compartilhassem bons momentos juntos. &#8220;\u00c0s vezes, a correria do dia a dia impede que os pais se sentem com os filhos, brinquem, conversem e tenham esses momentos de lazer. Quisemos proporcionar esses momentos para mostrar como \u00e9 importante que n\u00e3o deixem de fazer essas pequenas coisas&#8221;, destacou a diretora.<\/p>\n<p dir=\"ltr\"><img loading=\"lazy\" decoding=\"async\" class=\"alignnone size-full wp-image-67772\" src=\"https:\/\/jorgezanoni.com.br\/2019\/wp-content\/uploads\/2022\/08\/anglo-1.jpg\" alt=\"\" width=\"700\" height=\"393\" srcset=\"https:\/\/jorgezanoni.com.br\/2019\/wp-content\/uploads\/2022\/08\/anglo-1.jpg 700w, https:\/\/jorgezanoni.com.br\/2019\/wp-content\/uploads\/2022\/08\/anglo-1-300x168.jpg 300w, https:\/\/jorgezanoni.com.br\/2019\/wp-content\/uploads\/2022\/08\/anglo-1-696x391.jpg 696w\" sizes=\"auto, (max-width: 700px) 100vw, 700px\" \/> <img loading=\"lazy\" decoding=\"async\" class=\"alignnone size-full wp-image-67774\" src=\"https:\/\/jorgezanoni.com.br\/2019\/wp-content\/uploads\/2022\/08\/anglo2-1.jpg\" alt=\"\" width=\"700\" height=\"393\" srcset=\"https:\/\/jorgezanoni.com.br\/2019\/wp-content\/uploads\/2022\/08\/anglo2-1.jpg 700w, https:\/\/jorgezanoni.com.br\/2019\/wp-content\/uploads\/2022\/08\/anglo2-1-300x168.jpg 300w, https:\/\/jorgezanoni.com.br\/2019\/wp-content\/uploads\/2022\/08\/anglo2-1-696x391.jpg 696w\" sizes=\"auto, (max-width: 700px) 100vw, 700px\" \/> <img loading=\"lazy\" decoding=\"async\" class=\"alignnone size-full wp-image-67775\" src=\"https:\/\/jorgezanoni.com.br\/2019\/wp-content\/uploads\/2022\/08\/anglo3-1.jpg\" alt=\"\" width=\"700\" height=\"393\" srcset=\"https:\/\/jorgezanoni.com.br\/2019\/wp-content\/uploads\/2022\/08\/anglo3-1.jpg 700w, https:\/\/jorgezanoni.com.br\/2019\/wp-content\/uploads\/2022\/08\/anglo3-1-300x168.jpg 300w, https:\/\/jorgezanoni.com.br\/2019\/wp-content\/uploads\/2022\/08\/anglo3-1-696x391.jpg 696w\" sizes=\"auto, (max-width: 700px) 100vw, 700px\" \/>Fonte: Depto. Comunica\u00e7\u00e3o Fundec<\/p>\n<\/div>\n","protected":false},"excerpt":{"rendered":"<p>O Col\u00e9gio Anglo-CID realizou a comemora\u00e7\u00e3o do Dia dos Pais no \u00faltimo s\u00e1bado (13), com atividades de recrea\u00e7\u00e3o no Gin\u00e1sio Galen\u00e3o. A recrea\u00e7\u00e3o ficou por conta dos professores Rubens Rollo Cavallin J\u00fanior (Rubinho) e Aline Siqueira, e proporcionou momentos de intera\u00e7\u00e3o e troca de conhecimentos entre pais e filhos, que puderam brincar com carrinhos de [&hellip;]<\/p>\n","protected":false},"author":1,"featured_media":67773,"comment_status":"closed","ping_status":"open","sticky":false,"template":"","format":"standard","meta":{"footnotes":""},"categories":[110,122],"tags":[],"class_list":["post-67767","post","type-post","status-publish","format-standard","has-post-thumbnail","hentry","category-noticiasdestaque","category-saudeeducacaoeconcurso"],"_links":{"self":[{"href":"https:\/\/jorgezanoni.com.br\/2019\/wp-json\/wp\/v2\/posts\/67767","targetHints":{"allow":["GET"]}}],"collection":[{"href":"https:\/\/jorgezanoni.com.br\/2019\/wp-json\/wp\/v2\/posts"}],"about":[{"href":"https:\/\/jorgezanoni.com.br\/2019\/wp-json\/wp\/v2\/types\/post"}],"author":[{"embeddable":true,"href":"https:\/\/jorgezanoni.com.br\/2019\/wp-json\/wp\/v2\/users\/1"}],"replies":[{"embeddable":true,"href":"https:\/\/jorgezanoni.com.br\/2019\/wp-json\/wp\/v2\/comments?post=67767"}],"version-history":[{"count":1,"href":"https:\/\/jorgezanoni.com.br\/2019\/wp-json\/wp\/v2\/posts\/67767\/revisions"}],"predecessor-version":[{"id":67777,"href":"https:\/\/jorgezanoni.com.br\/2019\/wp-json\/wp\/v2\/posts\/67767\/revisions\/67777"}],"wp:featuredmedia":[{"embeddable":true,"href":"https:\/\/jorgezanoni.com.br\/2019\/wp-json\/wp\/v2\/media\/67773"}],"wp:attachment":[{"href":"https:\/\/jorgezanoni.com.br\/2019\/wp-json\/wp\/v2\/media?parent=67767"}],"wp:term":[{"taxonomy":"category","embeddable":true,"href":"https:\/\/jorgezanoni.com.br\/2019\/wp-json\/wp\/v2\/categories?post=67767"},{"taxonomy":"post_tag","embeddable":true,"href":"https:\/\/jorgezanoni.com.br\/2019\/wp-json\/wp\/v2\/tags?post=67767"}],"curies":[{"name":"wp","href":"https:\/\/api.w.org\/{rel}","templated":true}]}}