{"id":67760,"date":"2022-08-18T13:33:59","date_gmt":"2022-08-18T13:33:59","guid":{"rendered":"https:\/\/jorgezanoni.com.br\/2019\/?p=67760"},"modified":"2022-08-18T13:33:59","modified_gmt":"2022-08-18T13:33:59","slug":"17o-mega-feirao-de-automoveis-em-dracena","status":"publish","type":"post","link":"https:\/\/jorgezanoni.com.br\/2019\/17o-mega-feirao-de-automoveis-em-dracena\/","title":{"rendered":"17\u00ba Mega Feir\u00e3o de Autom\u00f3veis em Dracena"},"content":{"rendered":"<p style=\"text-align: justify;\">Anote em sua agenda: Dias 01, 03 e 04 de setembro no Recinto da Fapidra em Dracena, acontece o<strong> 17\u00ba MEGA FEIR\u00c3O DE AUTOM\u00d3VEIS.<\/strong><\/p>\n<p style=\"text-align: justify;\">Primeira parcela para 60 dias.<\/p>\n<p style=\"text-align: justify;\">Condi\u00e7\u00f5es especiais com mais de 300 ve\u00edculos em exposi\u00e7\u00e3o.<\/p>\n<p style=\"text-align: justify;\">Venha conferir!<\/p>\n<p style=\"text-align: justify;\">Tem para todos os gostos e todos os bolsos!!!!<\/p>\n<p>&nbsp;<\/p>\n<p>&nbsp;<\/p>\n","protected":false},"excerpt":{"rendered":"<p>Anote em sua agenda: Dias 01, 03 e 04 de setembro no Recinto da Fapidra em Dracena, acontece o 17\u00ba MEGA FEIR\u00c3O DE AUTOM\u00d3VEIS. Primeira parcela para 60 dias. Condi\u00e7\u00f5es especiais com mais de 300 ve\u00edculos em exposi\u00e7\u00e3o. Venha conferir! Tem para todos os gostos e todos os bolsos!!!! &nbsp; &nbsp;<\/p>\n","protected":false},"author":1,"featured_media":67761,"comment_status":"closed","ping_status":"open","sticky":false,"template":"","format":"standard","meta":{"footnotes":""},"categories":[180,110],"tags":[],"class_list":["post-67760","post","type-post","status-publish","format-standard","has-post-thumbnail","hentry","category-estradastransitoveiculos","category-noticiasdestaque"],"_links":{"self":[{"href":"https:\/\/jorgezanoni.com.br\/2019\/wp-json\/wp\/v2\/posts\/67760","targetHints":{"allow":["GET"]}}],"collection":[{"href":"https:\/\/jorgezanoni.com.br\/2019\/wp-json\/wp\/v2\/posts"}],"about":[{"href":"https:\/\/jorgezanoni.com.br\/2019\/wp-json\/wp\/v2\/types\/post"}],"author":[{"embeddable":true,"href":"https:\/\/jorgezanoni.com.br\/2019\/wp-json\/wp\/v2\/users\/1"}],"replies":[{"embeddable":true,"href":"https:\/\/jorgezanoni.com.br\/2019\/wp-json\/wp\/v2\/comments?post=67760"}],"version-history":[{"count":1,"href":"https:\/\/jorgezanoni.com.br\/2019\/wp-json\/wp\/v2\/posts\/67760\/revisions"}],"predecessor-version":[{"id":67763,"href":"https:\/\/jorgezanoni.com.br\/2019\/wp-json\/wp\/v2\/posts\/67760\/revisions\/67763"}],"wp:featuredmedia":[{"embeddable":true,"href":"https:\/\/jorgezanoni.com.br\/2019\/wp-json\/wp\/v2\/media\/67761"}],"wp:attachment":[{"href":"https:\/\/jorgezanoni.com.br\/2019\/wp-json\/wp\/v2\/media?parent=67760"}],"wp:term":[{"taxonomy":"category","embeddable":true,"href":"https:\/\/jorgezanoni.com.br\/2019\/wp-json\/wp\/v2\/categories?post=67760"},{"taxonomy":"post_tag","embeddable":true,"href":"https:\/\/jorgezanoni.com.br\/2019\/wp-json\/wp\/v2\/tags?post=67760"}],"curies":[{"name":"wp","href":"https:\/\/api.w.org\/{rel}","templated":true}]}}