{"id":6775,"date":"2019-09-20T22:50:35","date_gmt":"2019-09-20T22:50:35","guid":{"rendered":"https:\/\/jorgezanoni.com.br\/2019\/?p=6775"},"modified":"2019-09-20T22:50:35","modified_gmt":"2019-09-20T22:50:35","slug":"tenente-coronel-pm-fontolan-deixa-25o-e-retorna-para-o-18o-bpm-i","status":"publish","type":"post","link":"https:\/\/jorgezanoni.com.br\/2019\/tenente-coronel-pm-fontolan-deixa-25o-e-retorna-para-o-18o-bpm-i\/","title":{"rendered":"Tenente Coronel PM Fontolan deixa 25\u00ba e retorna para o 18\u00ba BPM\/I"},"content":{"rendered":"<p style=\"text-align: justify;\">Ap\u00f3s 20 meses no comando do 25BPMI o Tenente Coronel PM Alexandre Fontolan retornou para o 18 BPMI &#8211; Presidente Prudente.<br \/>\nAssumi o comando do 25 BPM\/I a Major PM Renata Fassina que at\u00e9 o dia 30 de setembro encontra se fazendo Curso Superior de Pol\u00edcia (CSP) na cidade de S\u00e3o Paulo, permanecendo o Major PM Ivan Garcia de Oliveira no comando at\u00e9 essa data.<br \/>\nAp\u00f3s o Major PM reassume o subcomando do Batalh\u00e3o e o Capit\u00e3o PM J\u00falio Marcelo Romagnolli dos Santos a fun\u00e7\u00e3o de Coordenador Operacional.<br \/>\nSucesso Cel Fontolan.<br \/>\n#25BPMI<br \/>\n#PO LICIAMILITARSP<br \/>\n#AFORCAPUBLICADESAOPAULO<br \/>\n#COMUNICA\u00c7\u00c3O SOCIAL DO 25 BPMI.<\/p>\n<p style=\"text-align: justify;\">Fonte: Com. Social 25\u00ba BPM\/I<\/p>\n<p style=\"text-align: justify;\">Parabenizamos o Tenente Coronel Fontolan pelo tempo que esteve \u00e0 frente do 25\u00ba e a agradecemos o apoio e considera\u00e7\u00e3o.<\/p>\n<p style=\"text-align: justify;\">Jorge Zanoni<\/p>\n","protected":false},"excerpt":{"rendered":"<p>Ap\u00f3s 20 meses no comando do 25BPMI o Tenente Coronel PM Alexandre Fontolan retornou para o 18 BPMI &#8211; Presidente Prudente. Assumi o comando do 25 BPM\/I a Major PM Renata Fassina que at\u00e9 o dia 30 de setembro encontra se fazendo Curso Superior de Pol\u00edcia (CSP) na cidade de S\u00e3o Paulo, permanecendo o Major [&hellip;]<\/p>\n","protected":false},"author":1,"featured_media":6776,"comment_status":"closed","ping_status":"open","sticky":false,"template":"","format":"standard","meta":{"footnotes":""},"categories":[110,2],"tags":[],"class_list":["post-6775","post","type-post","status-publish","format-standard","has-post-thumbnail","hentry","category-noticiasdestaque","category-policial"],"_links":{"self":[{"href":"https:\/\/jorgezanoni.com.br\/2019\/wp-json\/wp\/v2\/posts\/6775","targetHints":{"allow":["GET"]}}],"collection":[{"href":"https:\/\/jorgezanoni.com.br\/2019\/wp-json\/wp\/v2\/posts"}],"about":[{"href":"https:\/\/jorgezanoni.com.br\/2019\/wp-json\/wp\/v2\/types\/post"}],"author":[{"embeddable":true,"href":"https:\/\/jorgezanoni.com.br\/2019\/wp-json\/wp\/v2\/users\/1"}],"replies":[{"embeddable":true,"href":"https:\/\/jorgezanoni.com.br\/2019\/wp-json\/wp\/v2\/comments?post=6775"}],"version-history":[{"count":0,"href":"https:\/\/jorgezanoni.com.br\/2019\/wp-json\/wp\/v2\/posts\/6775\/revisions"}],"wp:featuredmedia":[{"embeddable":true,"href":"https:\/\/jorgezanoni.com.br\/2019\/wp-json\/wp\/v2\/media\/6776"}],"wp:attachment":[{"href":"https:\/\/jorgezanoni.com.br\/2019\/wp-json\/wp\/v2\/media?parent=6775"}],"wp:term":[{"taxonomy":"category","embeddable":true,"href":"https:\/\/jorgezanoni.com.br\/2019\/wp-json\/wp\/v2\/categories?post=6775"},{"taxonomy":"post_tag","embeddable":true,"href":"https:\/\/jorgezanoni.com.br\/2019\/wp-json\/wp\/v2\/tags?post=6775"}],"curies":[{"name":"wp","href":"https:\/\/api.w.org\/{rel}","templated":true}]}}