{"id":67732,"date":"2022-08-17T18:32:44","date_gmt":"2022-08-17T18:32:44","guid":{"rendered":"https:\/\/jorgezanoni.com.br\/2019\/?p=67732"},"modified":"2022-08-17T18:32:44","modified_gmt":"2022-08-17T18:32:44","slug":"policia-federal-faz-operacao-para-reprimir-contrabanho-e-descaminho-dracena-inclusive-em-dracena","status":"publish","type":"post","link":"https:\/\/jorgezanoni.com.br\/2019\/policia-federal-faz-operacao-para-reprimir-contrabanho-e-descaminho-dracena-inclusive-em-dracena\/","title":{"rendered":"Pol\u00edcia Federal faz opera\u00e7\u00e3o para reprimir contrabando e descaminho inclusive em Dracena"},"content":{"rendered":"<p style=\"text-align: justify;\"><strong>Na manh\u00e3 de hoje, Policiais Federais cumprem 4 mandados de busca e apreens\u00e3o, sendo 3 na cidade de Dracena\/SP e 1 na cidade de Paulic\u00e9ia\/SP.<\/strong><\/p>\n<p style=\"text-align: justify;\"><b>Ara\u00e7atuba\/SP<\/b>. A Pol\u00edcia Federal deflagrou, nesta quarta-feira, 17\/8, a Opera\u00e7\u00e3o T\u00e2ntalo, visando desarticular um grupo criminoso voltado ao com\u00e9rcio de produtos descaminhados e\/ou contrabandeados atrav\u00e9s da rede mundial de computadores.<\/p>\n<p style=\"text-align: justify;\">As investiga\u00e7\u00f5es se iniciaram em meados de 2021, ap\u00f3s uma a\u00e7\u00e3o de repress\u00e3o aduaneira realizada pela Receita Federal em diversas partes do territ\u00f3rio nacional, ocasi\u00e3o em que foram identificadas <strong>pessoas f\u00edsicas e jur\u00eddicas atuantes na regi\u00e3o de Dracena\/SP e voltadas para a venda ilegal de mercadorias pela internet<\/strong>. Todas elas j\u00e1 haviam sido autuadas pela Receita Federal v\u00e1rias vezes.<\/p>\n<p style=\"text-align: justify;\">Nos \u00faltimos 5 anos, os investigados e as empresas a eles relacionadas praticaram extenso com\u00e9rcio virtual de produtos descaminhados (eletr\u00f4nicos, brinquedos, artigos recreativos, etc), sendo que apenas uma das empresas comercializou irregularmente mais de doze mil itens, cujo valor ultrapassou a casa dos R$ 12 milh\u00f5es.<\/p>\n<p style=\"text-align: justify;\">O aprofundamento das investiga\u00e7\u00f5es permitiu, portanto, que a PF representasse pela expedi\u00e7\u00e3o dos mandados de busca e apreens\u00e3o, sendo eles deferidos pela Justi\u00e7a Federal em Andradina\/SP, ante a possibilidade de os im\u00f3veis estarem sendo utilizados como entreposto de mercadorias oriundas do Paraguai.<\/p>\n<p style=\"text-align: justify;\">A investiga\u00e7\u00e3o continua, agora com a an\u00e1lise dos materiais apreendidos, e os envolvidos poder\u00e3o ser responsabilizados pelo crime de descaminho e de contrabando apenados, respectivamente, com reclus\u00e3o, de 1 a 4 anos e reclus\u00e3o, de 2 a 5 anos.<\/p>\n<p style=\"text-align: justify;\">Setor de Comunica\u00e7\u00e3o Social da SR\/PF\/SP<\/p>\n<p style=\"text-align: justify;\">(11) 3538-5013 scs.srsp@pf.gov.br<\/p>\n","protected":false},"excerpt":{"rendered":"<p>Na manh\u00e3 de hoje, Policiais Federais cumprem 4 mandados de busca e apreens\u00e3o, sendo 3 na cidade de Dracena\/SP e 1 na cidade de Paulic\u00e9ia\/SP. Ara\u00e7atuba\/SP. A Pol\u00edcia Federal deflagrou, nesta quarta-feira, 17\/8, a Opera\u00e7\u00e3o T\u00e2ntalo, visando desarticular um grupo criminoso voltado ao com\u00e9rcio de produtos descaminhados e\/ou contrabandeados atrav\u00e9s da rede mundial de computadores. [&hellip;]<\/p>\n","protected":false},"author":1,"featured_media":67734,"comment_status":"closed","ping_status":"open","sticky":false,"template":"","format":"standard","meta":{"footnotes":""},"categories":[110,2],"tags":[],"class_list":["post-67732","post","type-post","status-publish","format-standard","has-post-thumbnail","hentry","category-noticiasdestaque","category-policial"],"_links":{"self":[{"href":"https:\/\/jorgezanoni.com.br\/2019\/wp-json\/wp\/v2\/posts\/67732","targetHints":{"allow":["GET"]}}],"collection":[{"href":"https:\/\/jorgezanoni.com.br\/2019\/wp-json\/wp\/v2\/posts"}],"about":[{"href":"https:\/\/jorgezanoni.com.br\/2019\/wp-json\/wp\/v2\/types\/post"}],"author":[{"embeddable":true,"href":"https:\/\/jorgezanoni.com.br\/2019\/wp-json\/wp\/v2\/users\/1"}],"replies":[{"embeddable":true,"href":"https:\/\/jorgezanoni.com.br\/2019\/wp-json\/wp\/v2\/comments?post=67732"}],"version-history":[{"count":1,"href":"https:\/\/jorgezanoni.com.br\/2019\/wp-json\/wp\/v2\/posts\/67732\/revisions"}],"predecessor-version":[{"id":67735,"href":"https:\/\/jorgezanoni.com.br\/2019\/wp-json\/wp\/v2\/posts\/67732\/revisions\/67735"}],"wp:featuredmedia":[{"embeddable":true,"href":"https:\/\/jorgezanoni.com.br\/2019\/wp-json\/wp\/v2\/media\/67734"}],"wp:attachment":[{"href":"https:\/\/jorgezanoni.com.br\/2019\/wp-json\/wp\/v2\/media?parent=67732"}],"wp:term":[{"taxonomy":"category","embeddable":true,"href":"https:\/\/jorgezanoni.com.br\/2019\/wp-json\/wp\/v2\/categories?post=67732"},{"taxonomy":"post_tag","embeddable":true,"href":"https:\/\/jorgezanoni.com.br\/2019\/wp-json\/wp\/v2\/tags?post=67732"}],"curies":[{"name":"wp","href":"https:\/\/api.w.org\/{rel}","templated":true}]}}