{"id":67720,"date":"2022-08-17T17:52:47","date_gmt":"2022-08-17T17:52:47","guid":{"rendered":"https:\/\/jorgezanoni.com.br\/2019\/?p=67720"},"modified":"2022-08-17T17:52:47","modified_gmt":"2022-08-17T17:52:47","slug":"policia-civil-prende-homem-procurado-pela-justica-em-panorama-2","status":"publish","type":"post","link":"https:\/\/jorgezanoni.com.br\/2019\/policia-civil-prende-homem-procurado-pela-justica-em-panorama-2\/","title":{"rendered":"Pol\u00edcia Civil prende homem procurado pela Justi\u00e7a em Panorama"},"content":{"rendered":"<p style=\"text-align: justify;\">A Pol\u00edcia Civil, por interm\u00e9dio da Delegacia de Pol\u00edcia de Panorama, prendeu nesta quarta-feira (17), um homem de 37 anos, procurado da Justi\u00e7a em Panorama. A ordem judicial de pris\u00e3o foi expedida pela 2\u00aa Vara da Comarca de Palmital-SP, que versava pelo n\u00e3o pagamento de pens\u00e3o aliment\u00edcia.<\/p>\n<p style=\"text-align: justify;\">O capturado foi localizado em sua resid\u00eancia, localizada no bairro Marrecas, e n\u00e3o ofereceu resist\u00eancia. O homem foi encaminhado \u00e0 Delegacia de Pol\u00edcia de Panorama, onde foi formalizado o cumprimento do mandado de pris\u00e3o.<\/p>\n<p style=\"text-align: justify;\">Ao t\u00e9rmino dos procedimentos de Pol\u00edcia Judici\u00e1ria, o preso foi encaminhado \u00e0 Cadeia P\u00fablica de Dracena, onde passar\u00e1 por audi\u00eancia de cust\u00f3dia, ficando \u00e0 disposi\u00e7\u00e3o da Justi\u00e7a.<\/p>\n<p>Fonte: Com. Social Pol\u00edcia Civil<\/p>\n","protected":false},"excerpt":{"rendered":"<p>A Pol\u00edcia Civil, por interm\u00e9dio da Delegacia de Pol\u00edcia de Panorama, prendeu nesta quarta-feira (17), um homem de 37 anos, procurado da Justi\u00e7a em Panorama. A ordem judicial de pris\u00e3o foi expedida pela 2\u00aa Vara da Comarca de Palmital-SP, que versava pelo n\u00e3o pagamento de pens\u00e3o aliment\u00edcia. O capturado foi localizado em sua resid\u00eancia, localizada [&hellip;]<\/p>\n","protected":false},"author":1,"featured_media":67721,"comment_status":"closed","ping_status":"open","sticky":false,"template":"","format":"standard","meta":{"footnotes":""},"categories":[110,2],"tags":[],"class_list":["post-67720","post","type-post","status-publish","format-standard","has-post-thumbnail","hentry","category-noticiasdestaque","category-policial"],"_links":{"self":[{"href":"https:\/\/jorgezanoni.com.br\/2019\/wp-json\/wp\/v2\/posts\/67720","targetHints":{"allow":["GET"]}}],"collection":[{"href":"https:\/\/jorgezanoni.com.br\/2019\/wp-json\/wp\/v2\/posts"}],"about":[{"href":"https:\/\/jorgezanoni.com.br\/2019\/wp-json\/wp\/v2\/types\/post"}],"author":[{"embeddable":true,"href":"https:\/\/jorgezanoni.com.br\/2019\/wp-json\/wp\/v2\/users\/1"}],"replies":[{"embeddable":true,"href":"https:\/\/jorgezanoni.com.br\/2019\/wp-json\/wp\/v2\/comments?post=67720"}],"version-history":[{"count":1,"href":"https:\/\/jorgezanoni.com.br\/2019\/wp-json\/wp\/v2\/posts\/67720\/revisions"}],"predecessor-version":[{"id":67722,"href":"https:\/\/jorgezanoni.com.br\/2019\/wp-json\/wp\/v2\/posts\/67720\/revisions\/67722"}],"wp:featuredmedia":[{"embeddable":true,"href":"https:\/\/jorgezanoni.com.br\/2019\/wp-json\/wp\/v2\/media\/67721"}],"wp:attachment":[{"href":"https:\/\/jorgezanoni.com.br\/2019\/wp-json\/wp\/v2\/media?parent=67720"}],"wp:term":[{"taxonomy":"category","embeddable":true,"href":"https:\/\/jorgezanoni.com.br\/2019\/wp-json\/wp\/v2\/categories?post=67720"},{"taxonomy":"post_tag","embeddable":true,"href":"https:\/\/jorgezanoni.com.br\/2019\/wp-json\/wp\/v2\/tags?post=67720"}],"curies":[{"name":"wp","href":"https:\/\/api.w.org\/{rel}","templated":true}]}}