{"id":67709,"date":"2022-08-17T13:09:45","date_gmt":"2022-08-17T13:09:45","guid":{"rendered":"https:\/\/jorgezanoni.com.br\/2019\/?p=67709"},"modified":"2022-08-17T13:40:10","modified_gmt":"2022-08-17T13:40:10","slug":"homem-morador-de-dracena-esta-desaparecido","status":"publish","type":"post","link":"https:\/\/jorgezanoni.com.br\/2019\/homem-morador-de-dracena-esta-desaparecido\/","title":{"rendered":"Homem morador de Dracena est\u00e1 desaparecido"},"content":{"rendered":"<p style=\"text-align: justify;\">Edinaldo da Silva (conhecido como Grilo) de 47 anos, est\u00e1 desaparecido desde a \u00faltima sexta-feira. \u00c9 morador da Rua An\u00e1lia Franco na Vila Barros em Dracena.<\/p>\n<p style=\"text-align: justify;\">Tem problemas de vis\u00e3o e tem transtornos. No dia do desaparecimento trajava blusa cor de rosa, short e blusa preto.<\/p>\n<p style=\"text-align: justify;\">J\u00e1 foi feito B.O (Boletim de Ocorr\u00eancia) junto \u00e0 Pol\u00edcia.<\/p>\n<p style=\"text-align: justify;\">Se algu\u00e9m tiver alguma informa\u00e7\u00e3o, entrar em contato atrav\u00e9s do fone 190 ou no Cel. (18) 998094144 (Beverly)<\/p>\n","protected":false},"excerpt":{"rendered":"<p>Edinaldo da Silva (conhecido como Grilo) de 47 anos, est\u00e1 desaparecido desde a \u00faltima sexta-feira. \u00c9 morador da Rua An\u00e1lia Franco na Vila Barros em Dracena. Tem problemas de vis\u00e3o e tem transtornos. No dia do desaparecimento trajava blusa cor de rosa, short e blusa preto. J\u00e1 foi feito B.O (Boletim de Ocorr\u00eancia) junto \u00e0 [&hellip;]<\/p>\n","protected":false},"author":1,"featured_media":67710,"comment_status":"closed","ping_status":"open","sticky":false,"template":"","format":"standard","meta":{"footnotes":""},"categories":[182,110],"tags":[],"class_list":["post-67709","post","type-post","status-publish","format-standard","has-post-thumbnail","hentry","category-classificadosachadoseperdidos","category-noticiasdestaque"],"_links":{"self":[{"href":"https:\/\/jorgezanoni.com.br\/2019\/wp-json\/wp\/v2\/posts\/67709","targetHints":{"allow":["GET"]}}],"collection":[{"href":"https:\/\/jorgezanoni.com.br\/2019\/wp-json\/wp\/v2\/posts"}],"about":[{"href":"https:\/\/jorgezanoni.com.br\/2019\/wp-json\/wp\/v2\/types\/post"}],"author":[{"embeddable":true,"href":"https:\/\/jorgezanoni.com.br\/2019\/wp-json\/wp\/v2\/users\/1"}],"replies":[{"embeddable":true,"href":"https:\/\/jorgezanoni.com.br\/2019\/wp-json\/wp\/v2\/comments?post=67709"}],"version-history":[{"count":3,"href":"https:\/\/jorgezanoni.com.br\/2019\/wp-json\/wp\/v2\/posts\/67709\/revisions"}],"predecessor-version":[{"id":67713,"href":"https:\/\/jorgezanoni.com.br\/2019\/wp-json\/wp\/v2\/posts\/67709\/revisions\/67713"}],"wp:featuredmedia":[{"embeddable":true,"href":"https:\/\/jorgezanoni.com.br\/2019\/wp-json\/wp\/v2\/media\/67710"}],"wp:attachment":[{"href":"https:\/\/jorgezanoni.com.br\/2019\/wp-json\/wp\/v2\/media?parent=67709"}],"wp:term":[{"taxonomy":"category","embeddable":true,"href":"https:\/\/jorgezanoni.com.br\/2019\/wp-json\/wp\/v2\/categories?post=67709"},{"taxonomy":"post_tag","embeddable":true,"href":"https:\/\/jorgezanoni.com.br\/2019\/wp-json\/wp\/v2\/tags?post=67709"}],"curies":[{"name":"wp","href":"https:\/\/api.w.org\/{rel}","templated":true}]}}