{"id":67693,"date":"2022-08-16T21:50:28","date_gmt":"2022-08-16T21:50:28","guid":{"rendered":"https:\/\/jorgezanoni.com.br\/2019\/?p=67693"},"modified":"2022-08-16T21:50:28","modified_gmt":"2022-08-16T21:50:28","slug":"mudancas-em-nivel-glocal-no-planeta-por-sergio-barbosa","status":"publish","type":"post","link":"https:\/\/jorgezanoni.com.br\/2019\/mudancas-em-nivel-glocal-no-planeta-por-sergio-barbosa\/","title":{"rendered":"Mudan\u00e7as em n\u00edvel glocal no Planeta (por S\u00e9rgio Barbosa)"},"content":{"rendered":"<p style=\"text-align: justify;\"><strong>MUDAN\u00c7AS EM N\u00cdVEL GLOCAL NO PLANETA<\/strong><\/p>\n<p style=\"text-align: justify;\"><em>\u201cO pressentimento \u00e9 um mensageiro do destino.\u201d\u00a0<\/em><em>(Canning)<\/em><\/p>\n<p style=\"text-align: justify;\"><em>S\u00e9rgio Barbosa (*)<\/em><\/p>\n<p style=\"text-align: justify;\">As mudan\u00e7as continuam acontecendo em diversas partes do mundo, por\u00e9m, parece que alguns lugares continuam vivendo como se estivesse \u00e0 parte deste contexto GLOCAL, ou seja, do global para o local.<\/p>\n<p style=\"text-align: justify;\">N\u00e3o se pode mais ficar alheio aos acontecimentos em n\u00edvel mundial, a responsabilidade nestes casos \u00e9 individual, al\u00e9m do mais, a preocupa\u00e7\u00e3o com o coletivo \u00e9 o mais importante neste mundo p\u00f3s-globalizado.<\/p>\n<p style=\"text-align: justify;\">Trabalhar em equipe, sem estrelismos banais e outros, \u00e9 resultado pela busca do espa\u00e7o nestes novos tempos, cada vez mais, faz-se necess\u00e1rio estar em conex\u00e3o com a mundializa\u00e7\u00e3o da cultura.<\/p>\n<p style=\"text-align: justify;\">As metas devem servir como objetivo final para todos, o individual deve ser respaldado pelo trabalho coletivo, as muitas mudan\u00e7as que ocorrem neste momento em v\u00e1rios lugares devem nortear os nossos impulsos pelo servi\u00e7o comum aos interesses afins.<\/p>\n<p style=\"text-align: justify;\">Todos buscam estar no lugar e na hora certa, mas poucos conseguem chegar ao objetivo, ainda mais, quando estamos inseridos numa sociedade multi-facial e cada vez mais seletiva em todos as \u00e1reas.<\/p>\n<p style=\"text-align: justify;\">A profissionaliza\u00e7\u00e3o \u00e9 uma realidade para todos, assim, \u201cpode mais quem chora menos\u201d diz um dito popular, pelo jeito, as coisas tendem, cada vez mais, estar pr\u00f3xima daqueles que ousam mais nestes novos tempos.<\/p>\n<p style=\"text-align: justify;\">\u00c9 preciso saber como conduzir este processo GLOCAL, ainda, as redes informatizadas est\u00e3o cada vez mais presentes em nosso dia-a-dia, assim, n\u00e3o se pode mais ficar olhando \u201co trem passar\u201d, al\u00e9m do mais, deste lado e em tempo de DESGOVERNO BOZZONARO, o \u201ctrem\u201d est\u00e1 cada vez mais longe de tudo e de todos\/as&#8230;<\/p>\n<p style=\"text-align: justify;\">N\u00e3o se pode mais ficar esperando pelo outro, \u00e9 necess\u00e1rio estar sempre com o olhar na frente, se poss\u00edvel, delimitando cada vez mais o territ\u00f3rio conquistado, bem como, demonstrando compet\u00eancia e responsabilidade para uma aproxima\u00e7\u00e3o com o MERCADO neste tempo novo tempo que se chama hoje.<\/p>\n<p style=\"text-align: justify;\">QUEM SOBREVIVER VAI SABER&#8230;<\/p>\n<p style=\"text-align: justify;\"><em>____________________________<\/em><\/p>\n<p style=\"text-align: justify;\"><em>(*) Jornalista profissional diplomado\u00a0 e professor universit\u00e1rio.<\/em><\/p>\n<p style=\"text-align: justify;\"><em>E-MAIL: <a href=\"mailto:barbosa.sebar@gmail.com\">barbosa.sebar@gmail.com<\/a><\/em><\/p>\n<p><em>\u00a0<\/em><\/p>\n","protected":false},"excerpt":{"rendered":"<p>MUDAN\u00c7AS EM N\u00cdVEL GLOCAL NO PLANETA \u201cO pressentimento \u00e9 um mensageiro do destino.\u201d\u00a0(Canning) S\u00e9rgio Barbosa (*) As mudan\u00e7as continuam acontecendo em diversas partes do mundo, por\u00e9m, parece que alguns lugares continuam vivendo como se estivesse \u00e0 parte deste contexto GLOCAL, ou seja, do global para o local. N\u00e3o se pode mais ficar alheio aos acontecimentos [&hellip;]<\/p>\n","protected":false},"author":1,"featured_media":67694,"comment_status":"closed","ping_status":"open","sticky":false,"template":"","format":"standard","meta":{"footnotes":""},"categories":[175],"tags":[],"class_list":["post-67693","post","type-post","status-publish","format-standard","has-post-thumbnail","hentry","category-artigos"],"_links":{"self":[{"href":"https:\/\/jorgezanoni.com.br\/2019\/wp-json\/wp\/v2\/posts\/67693","targetHints":{"allow":["GET"]}}],"collection":[{"href":"https:\/\/jorgezanoni.com.br\/2019\/wp-json\/wp\/v2\/posts"}],"about":[{"href":"https:\/\/jorgezanoni.com.br\/2019\/wp-json\/wp\/v2\/types\/post"}],"author":[{"embeddable":true,"href":"https:\/\/jorgezanoni.com.br\/2019\/wp-json\/wp\/v2\/users\/1"}],"replies":[{"embeddable":true,"href":"https:\/\/jorgezanoni.com.br\/2019\/wp-json\/wp\/v2\/comments?post=67693"}],"version-history":[{"count":1,"href":"https:\/\/jorgezanoni.com.br\/2019\/wp-json\/wp\/v2\/posts\/67693\/revisions"}],"predecessor-version":[{"id":67695,"href":"https:\/\/jorgezanoni.com.br\/2019\/wp-json\/wp\/v2\/posts\/67693\/revisions\/67695"}],"wp:featuredmedia":[{"embeddable":true,"href":"https:\/\/jorgezanoni.com.br\/2019\/wp-json\/wp\/v2\/media\/67694"}],"wp:attachment":[{"href":"https:\/\/jorgezanoni.com.br\/2019\/wp-json\/wp\/v2\/media?parent=67693"}],"wp:term":[{"taxonomy":"category","embeddable":true,"href":"https:\/\/jorgezanoni.com.br\/2019\/wp-json\/wp\/v2\/categories?post=67693"},{"taxonomy":"post_tag","embeddable":true,"href":"https:\/\/jorgezanoni.com.br\/2019\/wp-json\/wp\/v2\/tags?post=67693"}],"curies":[{"name":"wp","href":"https:\/\/api.w.org\/{rel}","templated":true}]}}