{"id":67665,"date":"2022-08-16T00:17:51","date_gmt":"2022-08-16T00:17:51","guid":{"rendered":"https:\/\/jorgezanoni.com.br\/2019\/?p=67665"},"modified":"2022-08-16T00:17:51","modified_gmt":"2022-08-16T00:17:51","slug":"morre-alcides-boasorte-antigo-morador-de-dracena","status":"publish","type":"post","link":"https:\/\/jorgezanoni.com.br\/2019\/morre-alcides-boasorte-antigo-morador-de-dracena\/","title":{"rendered":"Morre Alcides Boasorte, antigo morador de Dracena"},"content":{"rendered":"<div class=\"kvgmc6g5 cxmmr5t8 oygrvhab hcukyx3x c1et5uql ii04i59q\">\n<div dir=\"auto\" style=\"text-align: justify;\">Nesta segunda-feira, faleceu o senhor Alcides Boasorte (89 anos), antigo morador de Dracena e que trabalhou na constru\u00e7\u00e3o civil por muitos anos. Alcides recebeu na C\u00e2mara, em 2015, a Medalha 8 de Dezembro pelos servi\u00e7os prestados no desenvolvimento da Cidade Milagre.<\/div>\n<\/div>\n<div class=\"cxmmr5t8 oygrvhab hcukyx3x c1et5uql o9v6fnle ii04i59q\" style=\"text-align: justify;\">\n<div dir=\"auto\">Seu Alcides era vi\u00favo e deixa os filhos Aparecido, Sandra, S\u00edlvio e Silvano, nora, netos e bisnetos.<\/div>\n<\/div>\n<div class=\"cxmmr5t8 oygrvhab hcukyx3x c1et5uql o9v6fnle ii04i59q\">\n<div dir=\"auto\" style=\"text-align: justify;\">Vel\u00f3rio no Memorial VidaPrev das 20 \u00e0s 24 horas, nesta segunda-feira. Na ter\u00e7a-feira, entre 6 e 16 horas.<\/div>\n<div dir=\"auto\"><\/div>\n<\/div>\n<div dir=\"auto\">Foto Capa: Cl\u00e1udio Jos\u00e9<\/div>\n<div dir=\"auto\"><\/div>\n<div dir=\"auto\"><img loading=\"lazy\" decoding=\"async\" class=\"alignnone size-full wp-image-67666\" src=\"https:\/\/jorgezanoni.com.br\/2019\/wp-content\/uploads\/2022\/08\/Alcides.jpg\" alt=\"\" width=\"1280\" height=\"1279\" srcset=\"https:\/\/jorgezanoni.com.br\/2019\/wp-content\/uploads\/2022\/08\/Alcides.jpg 1280w, https:\/\/jorgezanoni.com.br\/2019\/wp-content\/uploads\/2022\/08\/Alcides-300x300.jpg 300w, https:\/\/jorgezanoni.com.br\/2019\/wp-content\/uploads\/2022\/08\/Alcides-1024x1024.jpg 1024w, https:\/\/jorgezanoni.com.br\/2019\/wp-content\/uploads\/2022\/08\/Alcides-150x150.jpg 150w, https:\/\/jorgezanoni.com.br\/2019\/wp-content\/uploads\/2022\/08\/Alcides-768x767.jpg 768w, https:\/\/jorgezanoni.com.br\/2019\/wp-content\/uploads\/2022\/08\/Alcides-696x695.jpg 696w, https:\/\/jorgezanoni.com.br\/2019\/wp-content\/uploads\/2022\/08\/Alcides-1068x1067.jpg 1068w, https:\/\/jorgezanoni.com.br\/2019\/wp-content\/uploads\/2022\/08\/Alcides-420x420.jpg 420w\" sizes=\"auto, (max-width: 1280px) 100vw, 1280px\" \/><\/div>\n<div dir=\"auto\"><\/div>\n","protected":false},"excerpt":{"rendered":"<p>Nesta segunda-feira, faleceu o senhor Alcides Boasorte (89 anos), antigo morador de Dracena e que trabalhou na constru\u00e7\u00e3o civil por muitos anos. Alcides recebeu na C\u00e2mara, em 2015, a Medalha 8 de Dezembro pelos servi\u00e7os prestados no desenvolvimento da Cidade Milagre. Seu Alcides era vi\u00favo e deixa os filhos Aparecido, Sandra, S\u00edlvio e Silvano, nora, [&hellip;]<\/p>\n","protected":false},"author":1,"featured_media":67667,"comment_status":"closed","ping_status":"open","sticky":false,"template":"","format":"standard","meta":{"footnotes":""},"categories":[178,110],"tags":[],"class_list":["post-67665","post","type-post","status-publish","format-standard","has-post-thumbnail","hentry","category-notadefalecimento","category-noticiasdestaque"],"_links":{"self":[{"href":"https:\/\/jorgezanoni.com.br\/2019\/wp-json\/wp\/v2\/posts\/67665","targetHints":{"allow":["GET"]}}],"collection":[{"href":"https:\/\/jorgezanoni.com.br\/2019\/wp-json\/wp\/v2\/posts"}],"about":[{"href":"https:\/\/jorgezanoni.com.br\/2019\/wp-json\/wp\/v2\/types\/post"}],"author":[{"embeddable":true,"href":"https:\/\/jorgezanoni.com.br\/2019\/wp-json\/wp\/v2\/users\/1"}],"replies":[{"embeddable":true,"href":"https:\/\/jorgezanoni.com.br\/2019\/wp-json\/wp\/v2\/comments?post=67665"}],"version-history":[{"count":1,"href":"https:\/\/jorgezanoni.com.br\/2019\/wp-json\/wp\/v2\/posts\/67665\/revisions"}],"predecessor-version":[{"id":67668,"href":"https:\/\/jorgezanoni.com.br\/2019\/wp-json\/wp\/v2\/posts\/67665\/revisions\/67668"}],"wp:featuredmedia":[{"embeddable":true,"href":"https:\/\/jorgezanoni.com.br\/2019\/wp-json\/wp\/v2\/media\/67667"}],"wp:attachment":[{"href":"https:\/\/jorgezanoni.com.br\/2019\/wp-json\/wp\/v2\/media?parent=67665"}],"wp:term":[{"taxonomy":"category","embeddable":true,"href":"https:\/\/jorgezanoni.com.br\/2019\/wp-json\/wp\/v2\/categories?post=67665"},{"taxonomy":"post_tag","embeddable":true,"href":"https:\/\/jorgezanoni.com.br\/2019\/wp-json\/wp\/v2\/tags?post=67665"}],"curies":[{"name":"wp","href":"https:\/\/api.w.org\/{rel}","templated":true}]}}