{"id":67619,"date":"2022-08-15T14:14:15","date_gmt":"2022-08-15T14:14:15","guid":{"rendered":"https:\/\/jorgezanoni.com.br\/2019\/?p=67619"},"modified":"2022-08-15T14:14:15","modified_gmt":"2022-08-15T14:14:15","slug":"emdaep-providencia-a-troca-da-bomba-do-poco-do-jardim-das-palmeiras","status":"publish","type":"post","link":"https:\/\/jorgezanoni.com.br\/2019\/emdaep-providencia-a-troca-da-bomba-do-poco-do-jardim-das-palmeiras\/","title":{"rendered":"EMDAEP providencia a troca da bomba do po\u00e7o do Jardim das Palmeiras"},"content":{"rendered":"<p style=\"text-align: justify;\">Nesta segunda-feira, a EMDAEP informa que queimou a bomba do po\u00e7o da Alameda Inglaterra, que atende toda a regi\u00e3o do Jardim das Palmeiras e bairros pr\u00f3ximos. A substitui\u00e7\u00e3o da bomba ocorrer\u00e1 ao longo do dia.<\/p>\n<p style=\"text-align: justify;\">H\u00e1 registro de desabastecimento em alguns setores. Os moradores dos bairros afetados devem economizar \u00e1gua at\u00e9 a normaliza\u00e7\u00e3o dos servi\u00e7os.<\/p>\n<p style=\"text-align: justify;\">Ass. Rela\u00e7\u00f5es P\u00fablicas da EMDAEP<\/p>\n","protected":false},"excerpt":{"rendered":"<p>Nesta segunda-feira, a EMDAEP informa que queimou a bomba do po\u00e7o da Alameda Inglaterra, que atende toda a regi\u00e3o do Jardim das Palmeiras e bairros pr\u00f3ximos. A substitui\u00e7\u00e3o da bomba ocorrer\u00e1 ao longo do dia. H\u00e1 registro de desabastecimento em alguns setores. Os moradores dos bairros afetados devem economizar \u00e1gua at\u00e9 a normaliza\u00e7\u00e3o dos servi\u00e7os. [&hellip;]<\/p>\n","protected":false},"author":1,"featured_media":67620,"comment_status":"closed","ping_status":"open","sticky":false,"template":"","format":"standard","meta":{"footnotes":""},"categories":[179,184,110],"tags":[],"class_list":["post-67619","post","type-post","status-publish","format-standard","has-post-thumbnail","hentry","category-cidadeseregiao","category-dracena","category-noticiasdestaque"],"_links":{"self":[{"href":"https:\/\/jorgezanoni.com.br\/2019\/wp-json\/wp\/v2\/posts\/67619","targetHints":{"allow":["GET"]}}],"collection":[{"href":"https:\/\/jorgezanoni.com.br\/2019\/wp-json\/wp\/v2\/posts"}],"about":[{"href":"https:\/\/jorgezanoni.com.br\/2019\/wp-json\/wp\/v2\/types\/post"}],"author":[{"embeddable":true,"href":"https:\/\/jorgezanoni.com.br\/2019\/wp-json\/wp\/v2\/users\/1"}],"replies":[{"embeddable":true,"href":"https:\/\/jorgezanoni.com.br\/2019\/wp-json\/wp\/v2\/comments?post=67619"}],"version-history":[{"count":1,"href":"https:\/\/jorgezanoni.com.br\/2019\/wp-json\/wp\/v2\/posts\/67619\/revisions"}],"predecessor-version":[{"id":67621,"href":"https:\/\/jorgezanoni.com.br\/2019\/wp-json\/wp\/v2\/posts\/67619\/revisions\/67621"}],"wp:featuredmedia":[{"embeddable":true,"href":"https:\/\/jorgezanoni.com.br\/2019\/wp-json\/wp\/v2\/media\/67620"}],"wp:attachment":[{"href":"https:\/\/jorgezanoni.com.br\/2019\/wp-json\/wp\/v2\/media?parent=67619"}],"wp:term":[{"taxonomy":"category","embeddable":true,"href":"https:\/\/jorgezanoni.com.br\/2019\/wp-json\/wp\/v2\/categories?post=67619"},{"taxonomy":"post_tag","embeddable":true,"href":"https:\/\/jorgezanoni.com.br\/2019\/wp-json\/wp\/v2\/tags?post=67619"}],"curies":[{"name":"wp","href":"https:\/\/api.w.org\/{rel}","templated":true}]}}