{"id":6760,"date":"2019-09-20T17:29:12","date_gmt":"2019-09-20T17:29:12","guid":{"rendered":"https:\/\/jorgezanoni.com.br\/2019\/?p=6760"},"modified":"2019-09-20T17:32:13","modified_gmt":"2019-09-20T17:32:13","slug":"morre-o-comerciante-do-ramo-de-ferro-velho-joao-de-deus","status":"publish","type":"post","link":"https:\/\/jorgezanoni.com.br\/2019\/morre-o-comerciante-do-ramo-de-ferro-velho-joao-de-deus\/","title":{"rendered":"Morre o comerciante do ramo de Ferro Velho Jo\u00e3o de Deus"},"content":{"rendered":"<p style=\"text-align: justify;\">Faleceu o comerciante sr. Jo\u00e3o de Deus Grande Martins, aos 74 anos, que h\u00e1 muitos anos atuava no ramo de Ferro Velho em Dracena.<\/p>\n<p style=\"text-align: justify;\">Ele estava em rua resid\u00eancia na manh\u00e3 de hoje, quando teve um mau s\u00fabito e acabou n\u00e3o resistindo.<\/p>\n<p style=\"text-align: justify;\">O Vel\u00f3rio tem in\u00edcio no Memorial Vida Prev a partir das 16:00 Horas e o Sepultamento acontece amanh\u00e3 (21) \u00e0s 10:00 Horas no Cemit\u00e9rio Municipal.<\/p>\n<p style=\"text-align: justify;\">O Site JZ se solidariza com toda a fam\u00edlia neste momento t\u00e3o dif\u00edcil<\/p>\n<p style=\"text-align: justify;\">Jorge Zanoni<\/p>\n","protected":false},"excerpt":{"rendered":"<p>Faleceu o comerciante sr. Jo\u00e3o de Deus Grande Martins, aos 74 anos, que h\u00e1 muitos anos atuava no ramo de Ferro Velho em Dracena. Ele estava em rua resid\u00eancia na manh\u00e3 de hoje, quando teve um mau s\u00fabito e acabou n\u00e3o resistindo. O Vel\u00f3rio tem in\u00edcio no Memorial Vida Prev a partir das 16:00 Horas [&hellip;]<\/p>\n","protected":false},"author":1,"featured_media":6763,"comment_status":"closed","ping_status":"open","sticky":false,"template":"","format":"standard","meta":{"footnotes":""},"categories":[178,110],"tags":[],"class_list":["post-6760","post","type-post","status-publish","format-standard","has-post-thumbnail","hentry","category-notadefalecimento","category-noticiasdestaque"],"_links":{"self":[{"href":"https:\/\/jorgezanoni.com.br\/2019\/wp-json\/wp\/v2\/posts\/6760","targetHints":{"allow":["GET"]}}],"collection":[{"href":"https:\/\/jorgezanoni.com.br\/2019\/wp-json\/wp\/v2\/posts"}],"about":[{"href":"https:\/\/jorgezanoni.com.br\/2019\/wp-json\/wp\/v2\/types\/post"}],"author":[{"embeddable":true,"href":"https:\/\/jorgezanoni.com.br\/2019\/wp-json\/wp\/v2\/users\/1"}],"replies":[{"embeddable":true,"href":"https:\/\/jorgezanoni.com.br\/2019\/wp-json\/wp\/v2\/comments?post=6760"}],"version-history":[{"count":0,"href":"https:\/\/jorgezanoni.com.br\/2019\/wp-json\/wp\/v2\/posts\/6760\/revisions"}],"wp:featuredmedia":[{"embeddable":true,"href":"https:\/\/jorgezanoni.com.br\/2019\/wp-json\/wp\/v2\/media\/6763"}],"wp:attachment":[{"href":"https:\/\/jorgezanoni.com.br\/2019\/wp-json\/wp\/v2\/media?parent=6760"}],"wp:term":[{"taxonomy":"category","embeddable":true,"href":"https:\/\/jorgezanoni.com.br\/2019\/wp-json\/wp\/v2\/categories?post=6760"},{"taxonomy":"post_tag","embeddable":true,"href":"https:\/\/jorgezanoni.com.br\/2019\/wp-json\/wp\/v2\/tags?post=6760"}],"curies":[{"name":"wp","href":"https:\/\/api.w.org\/{rel}","templated":true}]}}