{"id":67574,"date":"2022-08-13T22:13:52","date_gmt":"2022-08-13T22:13:52","guid":{"rendered":"https:\/\/jorgezanoni.com.br\/2019\/?p=67574"},"modified":"2022-08-13T22:13:52","modified_gmt":"2022-08-13T22:13:52","slug":"policia-civil-prende-suspeito-de-furtos-a-supermercados-em-santa-mercedes","status":"publish","type":"post","link":"https:\/\/jorgezanoni.com.br\/2019\/policia-civil-prende-suspeito-de-furtos-a-supermercados-em-santa-mercedes\/","title":{"rendered":"Pol\u00edcia Civil prende suspeito de furtos a Supermercados em Santa Mercedes"},"content":{"rendered":"<p style=\"text-align: justify;\"><strong>Dois estabelecimentos comerciais, localizados na avenida Brasil, foram alvos dos furtos de v\u00e1rias mercadorias.<\/strong><\/p>\n<p style=\"text-align: justify;\">A Pol\u00edcia Civil, por interm\u00e9dio da Delegacia de Pol\u00edcia de Santa Mercedes, prendeu na sexta-feira (12), um homem, de 31 anos, suspeito de furtar mercadorias em dois supermercados, localizados na regi\u00e3o central, em Santa Mercedes.<\/p>\n<p style=\"text-align: justify;\">O suspeito foi abordado, em via p\u00fablica, por agente da Pol\u00edcia Civil, que localizou diversos itens aliment\u00edcios e produtos de higiene pessoal. Ao ser indagado sobre a origem daquelas mercadorias o homem de pronto confessou que havia subtra\u00eddos dos estabelecimentos comerciais.<\/p>\n<p style=\"text-align: justify;\">O acusado foi conduzido \u00e0 Delegacia de Pol\u00edcia e autuado em flagrante delito pelo crime de furto consumado. As mercadorias foram apreendidas e restitu\u00eddas aos estabelecimentos furtados.<\/p>\n<p><img loading=\"lazy\" decoding=\"async\" class=\"alignnone size-full wp-image-67575\" src=\"https:\/\/jorgezanoni.com.br\/2019\/wp-content\/uploads\/2022\/08\/pc1.jpg\" alt=\"\" width=\"500\" height=\"634\" srcset=\"https:\/\/jorgezanoni.com.br\/2019\/wp-content\/uploads\/2022\/08\/pc1.jpg 500w, https:\/\/jorgezanoni.com.br\/2019\/wp-content\/uploads\/2022\/08\/pc1-237x300.jpg 237w, https:\/\/jorgezanoni.com.br\/2019\/wp-content\/uploads\/2022\/08\/pc1-331x420.jpg 331w\" sizes=\"auto, (max-width: 500px) 100vw, 500px\" \/><\/p>\n<p>Fonte: Com. Social Pol\u00edcia Civil<\/p>\n","protected":false},"excerpt":{"rendered":"<p>Dois estabelecimentos comerciais, localizados na avenida Brasil, foram alvos dos furtos de v\u00e1rias mercadorias. A Pol\u00edcia Civil, por interm\u00e9dio da Delegacia de Pol\u00edcia de Santa Mercedes, prendeu na sexta-feira (12), um homem, de 31 anos, suspeito de furtar mercadorias em dois supermercados, localizados na regi\u00e3o central, em Santa Mercedes. O suspeito foi abordado, em via [&hellip;]<\/p>\n","protected":false},"author":1,"featured_media":67576,"comment_status":"closed","ping_status":"open","sticky":false,"template":"","format":"standard","meta":{"footnotes":""},"categories":[110,2],"tags":[],"class_list":["post-67574","post","type-post","status-publish","format-standard","has-post-thumbnail","hentry","category-noticiasdestaque","category-policial"],"_links":{"self":[{"href":"https:\/\/jorgezanoni.com.br\/2019\/wp-json\/wp\/v2\/posts\/67574","targetHints":{"allow":["GET"]}}],"collection":[{"href":"https:\/\/jorgezanoni.com.br\/2019\/wp-json\/wp\/v2\/posts"}],"about":[{"href":"https:\/\/jorgezanoni.com.br\/2019\/wp-json\/wp\/v2\/types\/post"}],"author":[{"embeddable":true,"href":"https:\/\/jorgezanoni.com.br\/2019\/wp-json\/wp\/v2\/users\/1"}],"replies":[{"embeddable":true,"href":"https:\/\/jorgezanoni.com.br\/2019\/wp-json\/wp\/v2\/comments?post=67574"}],"version-history":[{"count":1,"href":"https:\/\/jorgezanoni.com.br\/2019\/wp-json\/wp\/v2\/posts\/67574\/revisions"}],"predecessor-version":[{"id":67578,"href":"https:\/\/jorgezanoni.com.br\/2019\/wp-json\/wp\/v2\/posts\/67574\/revisions\/67578"}],"wp:featuredmedia":[{"embeddable":true,"href":"https:\/\/jorgezanoni.com.br\/2019\/wp-json\/wp\/v2\/media\/67576"}],"wp:attachment":[{"href":"https:\/\/jorgezanoni.com.br\/2019\/wp-json\/wp\/v2\/media?parent=67574"}],"wp:term":[{"taxonomy":"category","embeddable":true,"href":"https:\/\/jorgezanoni.com.br\/2019\/wp-json\/wp\/v2\/categories?post=67574"},{"taxonomy":"post_tag","embeddable":true,"href":"https:\/\/jorgezanoni.com.br\/2019\/wp-json\/wp\/v2\/tags?post=67574"}],"curies":[{"name":"wp","href":"https:\/\/api.w.org\/{rel}","templated":true}]}}