{"id":67531,"date":"2022-08-12T16:20:02","date_gmt":"2022-08-12T16:20:02","guid":{"rendered":"https:\/\/jorgezanoni.com.br\/2019\/?p=67531"},"modified":"2022-08-12T16:20:02","modified_gmt":"2022-08-12T16:20:02","slug":"avahu-da-inicio-a-construcao-de-nova-sala-para-melhor-atender-seus-assistidos","status":"publish","type":"post","link":"https:\/\/jorgezanoni.com.br\/2019\/avahu-da-inicio-a-construcao-de-nova-sala-para-melhor-atender-seus-assistidos\/","title":{"rendered":"AVAHU d\u00e1 in\u00edcio a constru\u00e7\u00e3o de nova sala para melhor atender seus assistidos"},"content":{"rendered":"<p style=\"text-align: justify;\">A AVAHU &#8211; Associa\u00e7\u00e3o de Valoriza\u00e7\u00e3o Humana de Dracena, iniciou essa semana a constru\u00e7\u00e3o de uma sala para atendimento de Fisioterapia (pediasuit, sensorial e cinesioterapia), com \u00e1rea 180m2 , gra\u00e7as a repasses financeiros de \u00f3rg\u00e3os municipais e estaduais. Agrademos imensamente a todos que vem se empenhando na constru\u00e7\u00e3o desse sonho, e n\u00e3o mediremos esfor\u00e7os para continuarmos buscando apoio para a finaliza\u00e7\u00e3o da sala.<\/p>\n<p>O Presidente da Avahu \u00e9 Domingos Baroni<\/p>\n<p>Fonte: Avahu<\/p>\n","protected":false},"excerpt":{"rendered":"<p>A AVAHU &#8211; Associa\u00e7\u00e3o de Valoriza\u00e7\u00e3o Humana de Dracena, iniciou essa semana a constru\u00e7\u00e3o de uma sala para atendimento de Fisioterapia (pediasuit, sensorial e cinesioterapia), com \u00e1rea 180m2 , gra\u00e7as a repasses financeiros de \u00f3rg\u00e3os municipais e estaduais. Agrademos imensamente a todos que vem se empenhando na constru\u00e7\u00e3o desse sonho, e n\u00e3o mediremos esfor\u00e7os para [&hellip;]<\/p>\n","protected":false},"author":1,"featured_media":67532,"comment_status":"closed","ping_status":"open","sticky":false,"template":"","format":"standard","meta":{"footnotes":""},"categories":[110,118],"tags":[],"class_list":["post-67531","post","type-post","status-publish","format-standard","has-post-thumbnail","hentry","category-noticiasdestaque","category-religiaoesolidariedade"],"_links":{"self":[{"href":"https:\/\/jorgezanoni.com.br\/2019\/wp-json\/wp\/v2\/posts\/67531","targetHints":{"allow":["GET"]}}],"collection":[{"href":"https:\/\/jorgezanoni.com.br\/2019\/wp-json\/wp\/v2\/posts"}],"about":[{"href":"https:\/\/jorgezanoni.com.br\/2019\/wp-json\/wp\/v2\/types\/post"}],"author":[{"embeddable":true,"href":"https:\/\/jorgezanoni.com.br\/2019\/wp-json\/wp\/v2\/users\/1"}],"replies":[{"embeddable":true,"href":"https:\/\/jorgezanoni.com.br\/2019\/wp-json\/wp\/v2\/comments?post=67531"}],"version-history":[{"count":1,"href":"https:\/\/jorgezanoni.com.br\/2019\/wp-json\/wp\/v2\/posts\/67531\/revisions"}],"predecessor-version":[{"id":67533,"href":"https:\/\/jorgezanoni.com.br\/2019\/wp-json\/wp\/v2\/posts\/67531\/revisions\/67533"}],"wp:featuredmedia":[{"embeddable":true,"href":"https:\/\/jorgezanoni.com.br\/2019\/wp-json\/wp\/v2\/media\/67532"}],"wp:attachment":[{"href":"https:\/\/jorgezanoni.com.br\/2019\/wp-json\/wp\/v2\/media?parent=67531"}],"wp:term":[{"taxonomy":"category","embeddable":true,"href":"https:\/\/jorgezanoni.com.br\/2019\/wp-json\/wp\/v2\/categories?post=67531"},{"taxonomy":"post_tag","embeddable":true,"href":"https:\/\/jorgezanoni.com.br\/2019\/wp-json\/wp\/v2\/tags?post=67531"}],"curies":[{"name":"wp","href":"https:\/\/api.w.org\/{rel}","templated":true}]}}