{"id":67526,"date":"2022-08-12T16:07:38","date_gmt":"2022-08-12T16:07:38","guid":{"rendered":"https:\/\/jorgezanoni.com.br\/2019\/?p=67526"},"modified":"2022-08-12T16:07:38","modified_gmt":"2022-08-12T16:07:38","slug":"policia-militar-registra-acidente-com-veiculo-oficial-da-cidade-de-nova-resende-mg","status":"publish","type":"post","link":"https:\/\/jorgezanoni.com.br\/2019\/policia-militar-registra-acidente-com-veiculo-oficial-da-cidade-de-nova-resende-mg\/","title":{"rendered":"Pol\u00edcia Militar registra acidente com ve\u00edculo oficial da cidade de Nova Resende\/MG."},"content":{"rendered":"<p style=\"text-align: justify;\">No decorrer da Opera\u00e7\u00e3o &#8220;Sufoco&#8221;, ontem (11) \u00e0s 21h35min., a equipe foi acionada para atendimento de sinistro de tr\u00e2nsito com v\u00edtima, na Rodovia Assis Chateaubriand, km 408,600, munic\u00edpio de Martin\u00f3polis, do qual envolveu um ve\u00edculo VW\/ Voyage Evidence SD (Oficial) pertencente a Prefeitura do munic\u00edpio de Nova Resende\/MG, o qual vinha do Estado do Mato Grosso com destino a Nova Resende\/MG, e no trajeto veio a colidir frontalmente com o ve\u00edculo Toyota\/Yaris placas de Amajari\/PR o qual invadiu a pista contr\u00e1ria.<br \/>\nAo todo 4 v\u00edtimas, sendo 1 v\u00edtima leve e 3 v\u00edtimas graves que foram socorridas pelo resgate da concession\u00e1ria Eixo ao PS de Martin\u00f3polis\/SP as quais permaneceram em observa\u00e7\u00e3o por l\u00e1.<br \/>\nNo ve\u00edculo Oficial o motorista n\u00e3o se lesionou, por\u00e9m, lesionou-se gravemente a passageira que se tratava de paciente que estava em tratamento em Campo Grande\/MS.<br \/>\nAmbos condutores submetidos ao teste do Etil\u00f4metro e n\u00e3o constatados influ\u00eancia de \u00e1lcool.<\/p>\n<p><img loading=\"lazy\" decoding=\"async\" class=\"alignnone size-full wp-image-67527\" src=\"https:\/\/jorgezanoni.com.br\/2019\/wp-content\/uploads\/2022\/08\/aci.jpg\" alt=\"\" width=\"500\" height=\"375\" srcset=\"https:\/\/jorgezanoni.com.br\/2019\/wp-content\/uploads\/2022\/08\/aci.jpg 500w, https:\/\/jorgezanoni.com.br\/2019\/wp-content\/uploads\/2022\/08\/aci-300x225.jpg 300w, https:\/\/jorgezanoni.com.br\/2019\/wp-content\/uploads\/2022\/08\/aci-80x60.jpg 80w, https:\/\/jorgezanoni.com.br\/2019\/wp-content\/uploads\/2022\/08\/aci-265x198.jpg 265w\" sizes=\"auto, (max-width: 500px) 100vw, 500px\" \/><\/p>\n<p style=\"text-align: justify;\">Fonte: 1\u00b0 Pel.\/2\u00aa Cia do 2\u00b0 BPRv.<\/p>\n","protected":false},"excerpt":{"rendered":"<p>No decorrer da Opera\u00e7\u00e3o &#8220;Sufoco&#8221;, ontem (11) \u00e0s 21h35min., a equipe foi acionada para atendimento de sinistro de tr\u00e2nsito com v\u00edtima, na Rodovia Assis Chateaubriand, km 408,600, munic\u00edpio de Martin\u00f3polis, do qual envolveu um ve\u00edculo VW\/ Voyage Evidence SD (Oficial) pertencente a Prefeitura do munic\u00edpio de Nova Resende\/MG, o qual vinha do Estado do Mato [&hellip;]<\/p>\n","protected":false},"author":1,"featured_media":67528,"comment_status":"closed","ping_status":"open","sticky":false,"template":"","format":"standard","meta":{"footnotes":""},"categories":[170,110],"tags":[],"class_list":["post-67526","post","type-post","status-publish","format-standard","has-post-thumbnail","hentry","category-acidentes","category-noticiasdestaque"],"_links":{"self":[{"href":"https:\/\/jorgezanoni.com.br\/2019\/wp-json\/wp\/v2\/posts\/67526","targetHints":{"allow":["GET"]}}],"collection":[{"href":"https:\/\/jorgezanoni.com.br\/2019\/wp-json\/wp\/v2\/posts"}],"about":[{"href":"https:\/\/jorgezanoni.com.br\/2019\/wp-json\/wp\/v2\/types\/post"}],"author":[{"embeddable":true,"href":"https:\/\/jorgezanoni.com.br\/2019\/wp-json\/wp\/v2\/users\/1"}],"replies":[{"embeddable":true,"href":"https:\/\/jorgezanoni.com.br\/2019\/wp-json\/wp\/v2\/comments?post=67526"}],"version-history":[{"count":1,"href":"https:\/\/jorgezanoni.com.br\/2019\/wp-json\/wp\/v2\/posts\/67526\/revisions"}],"predecessor-version":[{"id":67530,"href":"https:\/\/jorgezanoni.com.br\/2019\/wp-json\/wp\/v2\/posts\/67526\/revisions\/67530"}],"wp:featuredmedia":[{"embeddable":true,"href":"https:\/\/jorgezanoni.com.br\/2019\/wp-json\/wp\/v2\/media\/67528"}],"wp:attachment":[{"href":"https:\/\/jorgezanoni.com.br\/2019\/wp-json\/wp\/v2\/media?parent=67526"}],"wp:term":[{"taxonomy":"category","embeddable":true,"href":"https:\/\/jorgezanoni.com.br\/2019\/wp-json\/wp\/v2\/categories?post=67526"},{"taxonomy":"post_tag","embeddable":true,"href":"https:\/\/jorgezanoni.com.br\/2019\/wp-json\/wp\/v2\/tags?post=67526"}],"curies":[{"name":"wp","href":"https:\/\/api.w.org\/{rel}","templated":true}]}}