{"id":67523,"date":"2022-08-12T15:41:26","date_gmt":"2022-08-12T15:41:26","guid":{"rendered":"https:\/\/jorgezanoni.com.br\/2019\/?p=67523"},"modified":"2022-08-12T15:41:26","modified_gmt":"2022-08-12T15:41:26","slug":"policia-civil-prende-mulher-por-trafico-de-drogas-em-panorama","status":"publish","type":"post","link":"https:\/\/jorgezanoni.com.br\/2019\/policia-civil-prende-mulher-por-trafico-de-drogas-em-panorama\/","title":{"rendered":"Pol\u00edcia Civil prende mulher por Tr\u00e1fico de Drogas em Panorama"},"content":{"rendered":"<p style=\"text-align: justify;\">A Pol\u00edcia Civil, por interm\u00e9dio da Delegacia de Pol\u00edcia de Panorama, prendeu nesta quinta-feira (11), uma mulher de 37 anos, pelo crime tr\u00e1fico de drogas. A a\u00e7\u00e3o policial aconteceu no bairro conhecido como \u201cMinho das Cobras\u201d, em Panorama.<\/p>\n<p style=\"text-align: justify;\">Durante diligencias visando o combate ao tr\u00e1fico de drogas e outros il\u00edcitos, os investigadores de pol\u00edcia estiveram na resid\u00eancia da acusada, um im\u00f3vel constru\u00eddo \u00e0s margens da via f\u00e9rrea desativada, cujo local j\u00e1 era conhecido como ponto de tr\u00e1fico de drogas e de concentra\u00e7\u00e3o de usu\u00e1rios. E durante a vistoria realizada no terreno da resid\u00eancia, mais precisamente defronte a porta da cozinha, foi encontrado dentro de um t\u00eanis um frasco pl\u00e1stico contendo 28 inv\u00f3lucros de substancias entorpecentes semelhante a droga \u201cCrack\u201d, embaladas de forma individualizadas e prontas para entrega ao comercio e consumo.<\/p>\n<p style=\"text-align: justify;\">No local, aos agentes, a mulher a princ\u00edpio negou a propriedade do material il\u00edcito ali encontrado, no entanto, posteriormente alegou ser para o consumo pr\u00f3prio, inclusive retirou um outro pequeno frasco pl\u00e1stico, contendo uma por\u00e7\u00e3o de \u201cCrack\u201d, que estava escondido nas suas vestes e entregou aos policiais.<\/p>\n<p style=\"text-align: justify;\">Diante dos fatos, tendo em vista as vers\u00f5es divergentes, foi proferida voz de pris\u00e3o em flagrante delito e a mulher conduzida \u00e0 Delegacia de Pol\u00edcia. As subst\u00e2ncias entorpecentes foram apreendidas em autos pr\u00f3prios e encaminhadas ao IC.<\/p>\n<p style=\"text-align: justify;\">Fonte: Com. Social Pol\u00edcia Civil<\/p>\n","protected":false},"excerpt":{"rendered":"<p>A Pol\u00edcia Civil, por interm\u00e9dio da Delegacia de Pol\u00edcia de Panorama, prendeu nesta quinta-feira (11), uma mulher de 37 anos, pelo crime tr\u00e1fico de drogas. A a\u00e7\u00e3o policial aconteceu no bairro conhecido como \u201cMinho das Cobras\u201d, em Panorama. Durante diligencias visando o combate ao tr\u00e1fico de drogas e outros il\u00edcitos, os investigadores de pol\u00edcia estiveram [&hellip;]<\/p>\n","protected":false},"author":1,"featured_media":67524,"comment_status":"closed","ping_status":"open","sticky":false,"template":"","format":"standard","meta":{"footnotes":""},"categories":[110,2],"tags":[],"class_list":["post-67523","post","type-post","status-publish","format-standard","has-post-thumbnail","hentry","category-noticiasdestaque","category-policial"],"_links":{"self":[{"href":"https:\/\/jorgezanoni.com.br\/2019\/wp-json\/wp\/v2\/posts\/67523","targetHints":{"allow":["GET"]}}],"collection":[{"href":"https:\/\/jorgezanoni.com.br\/2019\/wp-json\/wp\/v2\/posts"}],"about":[{"href":"https:\/\/jorgezanoni.com.br\/2019\/wp-json\/wp\/v2\/types\/post"}],"author":[{"embeddable":true,"href":"https:\/\/jorgezanoni.com.br\/2019\/wp-json\/wp\/v2\/users\/1"}],"replies":[{"embeddable":true,"href":"https:\/\/jorgezanoni.com.br\/2019\/wp-json\/wp\/v2\/comments?post=67523"}],"version-history":[{"count":1,"href":"https:\/\/jorgezanoni.com.br\/2019\/wp-json\/wp\/v2\/posts\/67523\/revisions"}],"predecessor-version":[{"id":67525,"href":"https:\/\/jorgezanoni.com.br\/2019\/wp-json\/wp\/v2\/posts\/67523\/revisions\/67525"}],"wp:featuredmedia":[{"embeddable":true,"href":"https:\/\/jorgezanoni.com.br\/2019\/wp-json\/wp\/v2\/media\/67524"}],"wp:attachment":[{"href":"https:\/\/jorgezanoni.com.br\/2019\/wp-json\/wp\/v2\/media?parent=67523"}],"wp:term":[{"taxonomy":"category","embeddable":true,"href":"https:\/\/jorgezanoni.com.br\/2019\/wp-json\/wp\/v2\/categories?post=67523"},{"taxonomy":"post_tag","embeddable":true,"href":"https:\/\/jorgezanoni.com.br\/2019\/wp-json\/wp\/v2\/tags?post=67523"}],"curies":[{"name":"wp","href":"https:\/\/api.w.org\/{rel}","templated":true}]}}