{"id":67509,"date":"2022-08-12T00:19:23","date_gmt":"2022-08-12T00:19:23","guid":{"rendered":"https:\/\/jorgezanoni.com.br\/2019\/?p=67509"},"modified":"2022-08-12T00:19:23","modified_gmt":"2022-08-12T00:19:23","slug":"catia-cilene-afonso-sucede-julia-portaria-na-direcao-do-cep-ume","status":"publish","type":"post","link":"https:\/\/jorgezanoni.com.br\/2019\/catia-cilene-afonso-sucede-julia-portaria-na-direcao-do-cep-ume\/","title":{"rendered":"C\u00e1tia Cilene Afonso sucede Julia Port\u00e1ria na dire\u00e7\u00e3o do CEP\/UME."},"content":{"rendered":"<p style=\"text-align: justify;\">Ap\u00f3s 16 anos \u00e0 frente das decis\u00f5es do CEP\/UME, Julia Portari se despede e transmite as responsabilidades da institui\u00e7\u00e3o \u00e0 C\u00e1tia Cilene Afonso, que assume como nova diretora da unidade de ensino.<\/p>\n<p style=\"text-align: justify;\">Ex-coordenadora do polo EAD da Unopar em Dracena, C\u00e1tia Cilene \u00e9 formada em Pedagogia e j\u00e1 integra a equipe da Fundec ap\u00f3s o per\u00edodo de transi\u00e7\u00e3o acompanhado pelas orienta\u00e7\u00f5es de sua antecessora. \u201cEspero desenvolver um bom trabalho e fortalecer a equipe da Fundec, agregando novas perspectivas para a gest\u00e3o do CEP\/UME\u201d, pontua a nova diretora.<\/p>\n<p style=\"text-align: justify;\">\u201cCertamente, a C\u00e1tia vai desenvolver um trabalho de gest\u00e3o brilhante, trazendo uma nova vis\u00e3o para o CEP\/UME\u201d, sinaliza Julia Portari.<\/p>\n<p style=\"text-align: justify;\">Desde 2006, Julia Portari era a diretora do CEP\/UME e, agora, encerra um ciclo de 44 anos de atividades voltadas ao ensino e relevantes servi\u00e7os prestados \u00e0 Fundec. Homenageada este ano com a Condecora\u00e7\u00e3o de M\u00e9rito Educacional da institui\u00e7\u00e3o, a aluna da 1\u00aa turma de Letras da ent\u00e3o Faculdade de Filosofia, Ci\u00eancias e Letras (que deu origem \u00e0 Unifadra), se despede com alegria \u201cagora vou me dedicar integralmente aos netinhos\u201d.<\/p>\n<p style=\"text-align: justify;\">Edson Kai, diretor executivo da Fundec, em raz\u00e3o da mudan\u00e7a de dire\u00e7\u00e3o da Unidade Escolar CEP\/UME, agradece imensamente \u00e0 Profa. Julia pelo excelente trabalho realizado nesta funda\u00e7\u00e3o e, especialmente, pela dedica\u00e7\u00e3o destinada \u00e0s escolas profissionalizantes e, assim, conquista o reconhecimento de sua honrosa e merecida aposentadoria. \u201c\u00c0 nova diretora Profa. C\u00e1tia Cilene Afonso, damos as boas-vindas e desejamos muito sucesso nesse prof\u00edcuo trabalho, colaborando com toda a diretoria executiva e Conselho de Curadores da Fundec\u201d.<\/p>\n<p>Fonte: Depto. de Comunica\u00e7\u00e3o da Fundec<\/p>\n","protected":false},"excerpt":{"rendered":"<p>Ap\u00f3s 16 anos \u00e0 frente das decis\u00f5es do CEP\/UME, Julia Portari se despede e transmite as responsabilidades da institui\u00e7\u00e3o \u00e0 C\u00e1tia Cilene Afonso, que assume como nova diretora da unidade de ensino. Ex-coordenadora do polo EAD da Unopar em Dracena, C\u00e1tia Cilene \u00e9 formada em Pedagogia e j\u00e1 integra a equipe da Fundec ap\u00f3s o [&hellip;]<\/p>\n","protected":false},"author":1,"featured_media":67510,"comment_status":"closed","ping_status":"open","sticky":false,"template":"","format":"standard","meta":{"footnotes":""},"categories":[110,122],"tags":[],"class_list":["post-67509","post","type-post","status-publish","format-standard","has-post-thumbnail","hentry","category-noticiasdestaque","category-saudeeducacaoeconcurso"],"_links":{"self":[{"href":"https:\/\/jorgezanoni.com.br\/2019\/wp-json\/wp\/v2\/posts\/67509","targetHints":{"allow":["GET"]}}],"collection":[{"href":"https:\/\/jorgezanoni.com.br\/2019\/wp-json\/wp\/v2\/posts"}],"about":[{"href":"https:\/\/jorgezanoni.com.br\/2019\/wp-json\/wp\/v2\/types\/post"}],"author":[{"embeddable":true,"href":"https:\/\/jorgezanoni.com.br\/2019\/wp-json\/wp\/v2\/users\/1"}],"replies":[{"embeddable":true,"href":"https:\/\/jorgezanoni.com.br\/2019\/wp-json\/wp\/v2\/comments?post=67509"}],"version-history":[{"count":1,"href":"https:\/\/jorgezanoni.com.br\/2019\/wp-json\/wp\/v2\/posts\/67509\/revisions"}],"predecessor-version":[{"id":67511,"href":"https:\/\/jorgezanoni.com.br\/2019\/wp-json\/wp\/v2\/posts\/67509\/revisions\/67511"}],"wp:featuredmedia":[{"embeddable":true,"href":"https:\/\/jorgezanoni.com.br\/2019\/wp-json\/wp\/v2\/media\/67510"}],"wp:attachment":[{"href":"https:\/\/jorgezanoni.com.br\/2019\/wp-json\/wp\/v2\/media?parent=67509"}],"wp:term":[{"taxonomy":"category","embeddable":true,"href":"https:\/\/jorgezanoni.com.br\/2019\/wp-json\/wp\/v2\/categories?post=67509"},{"taxonomy":"post_tag","embeddable":true,"href":"https:\/\/jorgezanoni.com.br\/2019\/wp-json\/wp\/v2\/tags?post=67509"}],"curies":[{"name":"wp","href":"https:\/\/api.w.org\/{rel}","templated":true}]}}