{"id":67497,"date":"2022-08-11T23:13:16","date_gmt":"2022-08-11T23:13:16","guid":{"rendered":"https:\/\/jorgezanoni.com.br\/2019\/?p=67497"},"modified":"2022-08-11T23:13:16","modified_gmt":"2022-08-11T23:13:16","slug":"policia-civil-esclarece-roubo-a-transeunte-que-foi-abordado-na-saida-de-baile-da-terceira-idade-em-dracena","status":"publish","type":"post","link":"https:\/\/jorgezanoni.com.br\/2019\/policia-civil-esclarece-roubo-a-transeunte-que-foi-abordado-na-saida-de-baile-da-terceira-idade-em-dracena\/","title":{"rendered":"Pol\u00edcia Civil esclarece roubo a transeunte que foi abordado na sa\u00edda de Baile da Terceira Idade em Dracena"},"content":{"rendered":"<p style=\"text-align: justify;\">A Pol\u00edcia Civil, por interm\u00e9dio da Delegacia de Pol\u00edcia de Junqueir\u00f3polis, elucidou nesta quinta-feira (11), um crime de roubo praticado na madrugada do \u00faltimo s\u00e1bado (6), em Dracena, por\u00e9m ao registrar a ocorr\u00eancia, por equ\u00edvoco, a v\u00edtima acabou reportando que fato teria ocorridos na cidade de Junqueir\u00f3polis.<\/p>\n<p style=\"text-align: justify;\">Conforme o apurado, a v\u00edtima, um indiv\u00edduo de 40 anos, havia acabado de deixar um baile na cidade e quando rumava para seu carro, foi abordado por dois indiv\u00edduos que anunciaram o roubo e ap\u00f3s dominarem a v\u00edtima, subtra\u00edram sua carteira e seu telefone celular. De imediato, a equipe de investiga\u00e7\u00e3o, deflagrou dilig\u00eancias que identificaram uma testemunha do fato, e dois suspeitos de serem os supostos autores do delito foram identificados.<\/p>\n<p style=\"text-align: justify;\">Os autos ser\u00e3o remetidos, \u00e0s Unidades Integradas 1\u00ba e 2\u00ba de Dracena, para continuidade das investiga\u00e7\u00f5es e conclus\u00e3o, visando ainda a recupera\u00e7\u00e3o do aparelho celular subtra\u00eddo. A pena prevista para o crime de roubo \u00e9 de 4 a 10 anos de reclus\u00e3o.<\/p>\n<p style=\"text-align: justify;\">Fonte: Com. Social Pol\u00edcia Civil<\/p>\n","protected":false},"excerpt":{"rendered":"<p>A Pol\u00edcia Civil, por interm\u00e9dio da Delegacia de Pol\u00edcia de Junqueir\u00f3polis, elucidou nesta quinta-feira (11), um crime de roubo praticado na madrugada do \u00faltimo s\u00e1bado (6), em Dracena, por\u00e9m ao registrar a ocorr\u00eancia, por equ\u00edvoco, a v\u00edtima acabou reportando que fato teria ocorridos na cidade de Junqueir\u00f3polis. Conforme o apurado, a v\u00edtima, um indiv\u00edduo de [&hellip;]<\/p>\n","protected":false},"author":1,"featured_media":67499,"comment_status":"closed","ping_status":"open","sticky":false,"template":"","format":"standard","meta":{"footnotes":""},"categories":[110,2],"tags":[],"class_list":["post-67497","post","type-post","status-publish","format-standard","has-post-thumbnail","hentry","category-noticiasdestaque","category-policial"],"_links":{"self":[{"href":"https:\/\/jorgezanoni.com.br\/2019\/wp-json\/wp\/v2\/posts\/67497","targetHints":{"allow":["GET"]}}],"collection":[{"href":"https:\/\/jorgezanoni.com.br\/2019\/wp-json\/wp\/v2\/posts"}],"about":[{"href":"https:\/\/jorgezanoni.com.br\/2019\/wp-json\/wp\/v2\/types\/post"}],"author":[{"embeddable":true,"href":"https:\/\/jorgezanoni.com.br\/2019\/wp-json\/wp\/v2\/users\/1"}],"replies":[{"embeddable":true,"href":"https:\/\/jorgezanoni.com.br\/2019\/wp-json\/wp\/v2\/comments?post=67497"}],"version-history":[{"count":1,"href":"https:\/\/jorgezanoni.com.br\/2019\/wp-json\/wp\/v2\/posts\/67497\/revisions"}],"predecessor-version":[{"id":67500,"href":"https:\/\/jorgezanoni.com.br\/2019\/wp-json\/wp\/v2\/posts\/67497\/revisions\/67500"}],"wp:featuredmedia":[{"embeddable":true,"href":"https:\/\/jorgezanoni.com.br\/2019\/wp-json\/wp\/v2\/media\/67499"}],"wp:attachment":[{"href":"https:\/\/jorgezanoni.com.br\/2019\/wp-json\/wp\/v2\/media?parent=67497"}],"wp:term":[{"taxonomy":"category","embeddable":true,"href":"https:\/\/jorgezanoni.com.br\/2019\/wp-json\/wp\/v2\/categories?post=67497"},{"taxonomy":"post_tag","embeddable":true,"href":"https:\/\/jorgezanoni.com.br\/2019\/wp-json\/wp\/v2\/tags?post=67497"}],"curies":[{"name":"wp","href":"https:\/\/api.w.org\/{rel}","templated":true}]}}