{"id":67468,"date":"2022-08-11T11:17:01","date_gmt":"2022-08-11T11:17:01","guid":{"rendered":"https:\/\/jorgezanoni.com.br\/2019\/?p=67468"},"modified":"2022-08-11T14:11:54","modified_gmt":"2022-08-11T14:11:54","slug":"morre-sorlene-thomaz-moradora-do-conj-paulo-vendramim-i-em-dracena","status":"publish","type":"post","link":"https:\/\/jorgezanoni.com.br\/2019\/morre-sorlene-thomaz-moradora-do-conj-paulo-vendramim-i-em-dracena\/","title":{"rendered":"Morre Sorlene Thomaz, moradora do Conj. Paulo Vendramim I em Dracena"},"content":{"rendered":"<p style=\"text-align: justify;\">Comunicamos com pesar o falecimento de Sorlene Aparecida Thomaz de 59 anos, v\u00edtima de infarto. Foi por muitos anos propriet\u00e1ria do Espetinho em frente a Cooperativa Camda na Av. Jos\u00e9 Bonif\u00e1cio.<\/p>\n<p style=\"text-align: justify;\">Deixa filhas, irm\u00e3os, demais familiares e amigos.<\/p>\n<p style=\"text-align: justify;\">O seu Corpo est\u00e1 sendo velado no Memorial Vida Prev e o Sepultamento ocorre hoje (11) \u00e0s 16:00 Horas no Cemit\u00e9rio local.<\/p>\n<p style=\"text-align: justify;\">O Site JZ se solidariza com o irm\u00e3o Silvio, demais familiares e amigos.<\/p>\n<p style=\"text-align: justify;\">Jorge Zanoni<\/p>\n<p>&nbsp;<\/p>\n","protected":false},"excerpt":{"rendered":"<p>Comunicamos com pesar o falecimento de Sorlene Aparecida Thomaz de 59 anos, v\u00edtima de infarto. Foi por muitos anos propriet\u00e1ria do Espetinho em frente a Cooperativa Camda na Av. Jos\u00e9 Bonif\u00e1cio. Deixa filhas, irm\u00e3os, demais familiares e amigos. O seu Corpo est\u00e1 sendo velado no Memorial Vida Prev e o Sepultamento ocorre hoje (11) \u00e0s [&hellip;]<\/p>\n","protected":false},"author":1,"featured_media":67469,"comment_status":"closed","ping_status":"open","sticky":false,"template":"","format":"standard","meta":{"footnotes":""},"categories":[178,110],"tags":[],"class_list":["post-67468","post","type-post","status-publish","format-standard","has-post-thumbnail","hentry","category-notadefalecimento","category-noticiasdestaque"],"_links":{"self":[{"href":"https:\/\/jorgezanoni.com.br\/2019\/wp-json\/wp\/v2\/posts\/67468","targetHints":{"allow":["GET"]}}],"collection":[{"href":"https:\/\/jorgezanoni.com.br\/2019\/wp-json\/wp\/v2\/posts"}],"about":[{"href":"https:\/\/jorgezanoni.com.br\/2019\/wp-json\/wp\/v2\/types\/post"}],"author":[{"embeddable":true,"href":"https:\/\/jorgezanoni.com.br\/2019\/wp-json\/wp\/v2\/users\/1"}],"replies":[{"embeddable":true,"href":"https:\/\/jorgezanoni.com.br\/2019\/wp-json\/wp\/v2\/comments?post=67468"}],"version-history":[{"count":2,"href":"https:\/\/jorgezanoni.com.br\/2019\/wp-json\/wp\/v2\/posts\/67468\/revisions"}],"predecessor-version":[{"id":67491,"href":"https:\/\/jorgezanoni.com.br\/2019\/wp-json\/wp\/v2\/posts\/67468\/revisions\/67491"}],"wp:featuredmedia":[{"embeddable":true,"href":"https:\/\/jorgezanoni.com.br\/2019\/wp-json\/wp\/v2\/media\/67469"}],"wp:attachment":[{"href":"https:\/\/jorgezanoni.com.br\/2019\/wp-json\/wp\/v2\/media?parent=67468"}],"wp:term":[{"taxonomy":"category","embeddable":true,"href":"https:\/\/jorgezanoni.com.br\/2019\/wp-json\/wp\/v2\/categories?post=67468"},{"taxonomy":"post_tag","embeddable":true,"href":"https:\/\/jorgezanoni.com.br\/2019\/wp-json\/wp\/v2\/tags?post=67468"}],"curies":[{"name":"wp","href":"https:\/\/api.w.org\/{rel}","templated":true}]}}