{"id":67464,"date":"2022-08-10T21:42:10","date_gmt":"2022-08-10T21:42:10","guid":{"rendered":"https:\/\/jorgezanoni.com.br\/2019\/?p=67464"},"modified":"2022-08-10T21:42:10","modified_gmt":"2022-08-10T21:42:10","slug":"sicredi-dracena-anuncia-local-onde-sera-construida-nova-agencia","status":"publish","type":"post","link":"https:\/\/jorgezanoni.com.br\/2019\/sicredi-dracena-anuncia-local-onde-sera-construida-nova-agencia\/","title":{"rendered":"SICREDI Dracena anuncia local onde ser\u00e1 constru\u00edda nova ag\u00eancia"},"content":{"rendered":"<p><strong>Informa\u00e7\u00e3o exclusiva concedida ao Site JZ.<\/strong><\/p>\n<p style=\"text-align: justify;\">Conforme anunciado no dia 14 de junho em Adamantina quando houve o encontro da imprensa convidada, com Diretores do SICREDI, Dracena receber\u00e1 uma ampla e moderna ag\u00eancia, inclusive com estacionamento para melhor atender seus in\u00fameros clientes.<\/p>\n<p style=\"text-align: justify;\">Atualmente a Ag\u00eancia de Dracena conta com mais de 20 colaboradores, sendo que esse n\u00famero dever\u00e1 aumentar.<\/p>\n<p style=\"text-align: justify;\">O pr\u00e9dio em terreno adquirido pela Cooperativa fica na esquina da Rua Monte Castelo com a Rua Maracaj\u00fa, na regi\u00e3o central da cidade, com \u00e1rea de 1.100 mts. quadrados.<\/p>\n<p style=\"text-align: justify;\">As negocia\u00e7\u00f5es com uma construtora j\u00e1 est\u00e3o acontecendo e em breve come\u00e7ar\u00e3o as obras.<\/p>\n<p>O Site JZ parabeniza todos os envolvidos nesta conquista.<\/p>\n<p><img loading=\"lazy\" decoding=\"async\" class=\"alignnone size-full wp-image-67465\" src=\"https:\/\/jorgezanoni.com.br\/2019\/wp-content\/uploads\/2022\/08\/IMG_0333.jpg\" alt=\"\" width=\"700\" height=\"525\" srcset=\"https:\/\/jorgezanoni.com.br\/2019\/wp-content\/uploads\/2022\/08\/IMG_0333.jpg 700w, https:\/\/jorgezanoni.com.br\/2019\/wp-content\/uploads\/2022\/08\/IMG_0333-300x225.jpg 300w, https:\/\/jorgezanoni.com.br\/2019\/wp-content\/uploads\/2022\/08\/IMG_0333-80x60.jpg 80w, https:\/\/jorgezanoni.com.br\/2019\/wp-content\/uploads\/2022\/08\/IMG_0333-265x198.jpg 265w, https:\/\/jorgezanoni.com.br\/2019\/wp-content\/uploads\/2022\/08\/IMG_0333-696x522.jpg 696w, https:\/\/jorgezanoni.com.br\/2019\/wp-content\/uploads\/2022\/08\/IMG_0333-560x420.jpg 560w\" sizes=\"auto, (max-width: 700px) 100vw, 700px\" \/><\/p>\n<p>Jorge Zanoni<\/p>\n<p>&nbsp;<\/p>\n<p>&nbsp;<\/p>\n","protected":false},"excerpt":{"rendered":"<p>Informa\u00e7\u00e3o exclusiva concedida ao Site JZ. Conforme anunciado no dia 14 de junho em Adamantina quando houve o encontro da imprensa convidada, com Diretores do SICREDI, Dracena receber\u00e1 uma ampla e moderna ag\u00eancia, inclusive com estacionamento para melhor atender seus in\u00fameros clientes. Atualmente a Ag\u00eancia de Dracena conta com mais de 20 colaboradores, sendo que [&hellip;]<\/p>\n","protected":false},"author":1,"featured_media":67466,"comment_status":"closed","ping_status":"open","sticky":false,"template":"","format":"standard","meta":{"footnotes":""},"categories":[179,184,110],"tags":[],"class_list":["post-67464","post","type-post","status-publish","format-standard","has-post-thumbnail","hentry","category-cidadeseregiao","category-dracena","category-noticiasdestaque"],"_links":{"self":[{"href":"https:\/\/jorgezanoni.com.br\/2019\/wp-json\/wp\/v2\/posts\/67464","targetHints":{"allow":["GET"]}}],"collection":[{"href":"https:\/\/jorgezanoni.com.br\/2019\/wp-json\/wp\/v2\/posts"}],"about":[{"href":"https:\/\/jorgezanoni.com.br\/2019\/wp-json\/wp\/v2\/types\/post"}],"author":[{"embeddable":true,"href":"https:\/\/jorgezanoni.com.br\/2019\/wp-json\/wp\/v2\/users\/1"}],"replies":[{"embeddable":true,"href":"https:\/\/jorgezanoni.com.br\/2019\/wp-json\/wp\/v2\/comments?post=67464"}],"version-history":[{"count":1,"href":"https:\/\/jorgezanoni.com.br\/2019\/wp-json\/wp\/v2\/posts\/67464\/revisions"}],"predecessor-version":[{"id":67467,"href":"https:\/\/jorgezanoni.com.br\/2019\/wp-json\/wp\/v2\/posts\/67464\/revisions\/67467"}],"wp:featuredmedia":[{"embeddable":true,"href":"https:\/\/jorgezanoni.com.br\/2019\/wp-json\/wp\/v2\/media\/67466"}],"wp:attachment":[{"href":"https:\/\/jorgezanoni.com.br\/2019\/wp-json\/wp\/v2\/media?parent=67464"}],"wp:term":[{"taxonomy":"category","embeddable":true,"href":"https:\/\/jorgezanoni.com.br\/2019\/wp-json\/wp\/v2\/categories?post=67464"},{"taxonomy":"post_tag","embeddable":true,"href":"https:\/\/jorgezanoni.com.br\/2019\/wp-json\/wp\/v2\/tags?post=67464"}],"curies":[{"name":"wp","href":"https:\/\/api.w.org\/{rel}","templated":true}]}}