{"id":67419,"date":"2022-08-10T12:14:24","date_gmt":"2022-08-10T12:14:24","guid":{"rendered":"https:\/\/jorgezanoni.com.br\/2019\/?p=67419"},"modified":"2022-08-10T12:14:24","modified_gmt":"2022-08-10T12:14:24","slug":"comunidade-sao-joao-paulo-ii-passa-a-contar-com-bancos","status":"publish","type":"post","link":"https:\/\/jorgezanoni.com.br\/2019\/comunidade-sao-joao-paulo-ii-passa-a-contar-com-bancos\/","title":{"rendered":"Comunidade S\u00e3o Jo\u00e3o Paulo II passa a contar com bancos"},"content":{"rendered":"<p style=\"text-align: justify;\">A Comunidade S\u00e3o Jo\u00e3o Paulo II passou a contar com bancos para melhor acolhimentos dos fi\u00e9is, a partir de ontem (9).<\/p>\n<p style=\"text-align: justify;\">Os dirigentes da Comunidade agradecem a todos que de alguma forma contribu\u00edram para que mais essa etapa fosse realidade.<\/p>\n<p><img loading=\"lazy\" decoding=\"async\" class=\"alignnone size-full wp-image-67420\" src=\"https:\/\/jorgezanoni.com.br\/2019\/wp-content\/uploads\/2022\/08\/bancos.jpg\" alt=\"\" width=\"500\" height=\"242\" srcset=\"https:\/\/jorgezanoni.com.br\/2019\/wp-content\/uploads\/2022\/08\/bancos.jpg 500w, https:\/\/jorgezanoni.com.br\/2019\/wp-content\/uploads\/2022\/08\/bancos-300x145.jpg 300w\" sizes=\"auto, (max-width: 500px) 100vw, 500px\" \/> <img loading=\"lazy\" decoding=\"async\" class=\"alignnone size-full wp-image-67422\" src=\"https:\/\/jorgezanoni.com.br\/2019\/wp-content\/uploads\/2022\/08\/bancos2.jpg\" alt=\"\" width=\"500\" height=\"242\" srcset=\"https:\/\/jorgezanoni.com.br\/2019\/wp-content\/uploads\/2022\/08\/bancos2.jpg 500w, https:\/\/jorgezanoni.com.br\/2019\/wp-content\/uploads\/2022\/08\/bancos2-300x145.jpg 300w\" sizes=\"auto, (max-width: 500px) 100vw, 500px\" \/><\/p>\n<p>Comunidade #saojoaopauloll #pascom<\/p>\n<p>Jorge Zanoni<\/p>\n","protected":false},"excerpt":{"rendered":"<p>A Comunidade S\u00e3o Jo\u00e3o Paulo II passou a contar com bancos para melhor acolhimentos dos fi\u00e9is, a partir de ontem (9). Os dirigentes da Comunidade agradecem a todos que de alguma forma contribu\u00edram para que mais essa etapa fosse realidade. Comunidade #saojoaopauloll #pascom Jorge Zanoni<\/p>\n","protected":false},"author":1,"featured_media":67421,"comment_status":"closed","ping_status":"open","sticky":false,"template":"","format":"standard","meta":{"footnotes":""},"categories":[110,118],"tags":[],"class_list":["post-67419","post","type-post","status-publish","format-standard","has-post-thumbnail","hentry","category-noticiasdestaque","category-religiaoesolidariedade"],"_links":{"self":[{"href":"https:\/\/jorgezanoni.com.br\/2019\/wp-json\/wp\/v2\/posts\/67419","targetHints":{"allow":["GET"]}}],"collection":[{"href":"https:\/\/jorgezanoni.com.br\/2019\/wp-json\/wp\/v2\/posts"}],"about":[{"href":"https:\/\/jorgezanoni.com.br\/2019\/wp-json\/wp\/v2\/types\/post"}],"author":[{"embeddable":true,"href":"https:\/\/jorgezanoni.com.br\/2019\/wp-json\/wp\/v2\/users\/1"}],"replies":[{"embeddable":true,"href":"https:\/\/jorgezanoni.com.br\/2019\/wp-json\/wp\/v2\/comments?post=67419"}],"version-history":[{"count":1,"href":"https:\/\/jorgezanoni.com.br\/2019\/wp-json\/wp\/v2\/posts\/67419\/revisions"}],"predecessor-version":[{"id":67424,"href":"https:\/\/jorgezanoni.com.br\/2019\/wp-json\/wp\/v2\/posts\/67419\/revisions\/67424"}],"wp:featuredmedia":[{"embeddable":true,"href":"https:\/\/jorgezanoni.com.br\/2019\/wp-json\/wp\/v2\/media\/67421"}],"wp:attachment":[{"href":"https:\/\/jorgezanoni.com.br\/2019\/wp-json\/wp\/v2\/media?parent=67419"}],"wp:term":[{"taxonomy":"category","embeddable":true,"href":"https:\/\/jorgezanoni.com.br\/2019\/wp-json\/wp\/v2\/categories?post=67419"},{"taxonomy":"post_tag","embeddable":true,"href":"https:\/\/jorgezanoni.com.br\/2019\/wp-json\/wp\/v2\/tags?post=67419"}],"curies":[{"name":"wp","href":"https:\/\/api.w.org\/{rel}","templated":true}]}}