{"id":67385,"date":"2022-08-10T01:45:52","date_gmt":"2022-08-10T01:45:52","guid":{"rendered":"https:\/\/jorgezanoni.com.br\/2019\/?p=67385"},"modified":"2022-08-10T10:36:32","modified_gmt":"2022-08-10T10:36:32","slug":"julio-cesar-monteiro-volta-a-camara-municipal-de-dracena-apos-liminar-da-justica","status":"publish","type":"post","link":"https:\/\/jorgezanoni.com.br\/2019\/julio-cesar-monteiro-volta-a-camara-municipal-de-dracena-apos-liminar-da-justica\/","title":{"rendered":"J\u00falio C\u00e9sar Monteiro volta a C\u00e2mara Municipal de Dracena ap\u00f3s Liminar da Justi\u00e7a"},"content":{"rendered":"<h3 class=\"post-title entry-title\" style=\"text-align: justify;\"><strong>O Vereador cassado J\u00falio C\u00e9sar Monteira da Silva retorna \u00e0 C\u00e2mara Municipal de Dracena, ap\u00f3s liminar favor\u00e1vel da Justi\u00e7a. A decis\u00e3o com pedido de urg\u00eancia dever\u00e1 ser protocolada amanh\u00e3 no Legislativo Dracenense.<\/strong><\/h3>\n<div style=\"text-align: justify;\">\n<div class=\"\" dir=\"auto\">\n<div id=\"jsc_c_hp\" class=\"ecm0bbzt hv4rvrfc ihqw7lf3 dati1w0a\" data-ad-comet-preview=\"message\" data-ad-preview=\"message\">\n<div class=\"j83agx80 cbu4d94t ew0dbk1b irj2b8pg\">\n<div class=\"qzhwtbm6 knvmm38d\">\n<div class=\"cxmmr5t8 oygrvhab hcukyx3x c1et5uql o9v6fnle ii04i59q\">\n<div dir=\"auto\">O ex-vereador que (tinha sido cassado em 23 de junho em vota\u00e7\u00e3o na C\u00e2mara Municipal),\u00a0 por suposta infra\u00e7\u00e3o de legislar em causa pr\u00f3pria, quando teria representado contra a Prefeitura Municipal, conseguiu liminar e retorna assumindo novamente a vaga que foi ocupada neste per\u00edodo por Celia Maria Agudo Pereira.<\/div>\n<div dir=\"auto\"><\/div>\n<div dir=\"auto\">Na liminar com data de ontem (8), o relator Dr. D\u00c9CIO NOTARANGELI, Defere a antecipa\u00e7\u00e3o da tutela recursal (art. 1.019, I, CPC) para suspens\u00e3o do ato legislativo impugnado diante da probabilidade de provimento do recurso e plausibilidade de risco de dano grave, de dif\u00edcil ou imposs\u00edvel repara\u00e7\u00e3o (art. 995, par\u00e1grafo \u00fanico, CPC).<\/div>\n<div dir=\"auto\"><\/div>\n<div dir=\"auto\">O ato n\u00e3o garante definitivamente a volta do vereador ao legislativo dracenense, devendo haver ainda julgamento do m\u00e9rito, mas enquanto isso n\u00e3o ocorrer ele permanece como vereador.<\/div>\n<div dir=\"auto\"><\/div>\n<\/div>\n<\/div>\n<div dir=\"auto\">O Site JZ j\u00e1 havia entrevistado o Vereador Monteiro que assinalava com essa possibilidade, entendendo que houve diversas irregularidades quando de sua cassa\u00e7\u00e3o.<\/div>\n<div dir=\"auto\"><\/div>\n<\/div>\n<\/div>\n<div dir=\"auto\">Jorge Zanoni<\/div>\n<div id=\"jsc_c_hp\" class=\"ecm0bbzt hv4rvrfc ihqw7lf3 dati1w0a\" data-ad-comet-preview=\"message\" data-ad-preview=\"message\">\n<div class=\"j83agx80 cbu4d94t ew0dbk1b irj2b8pg\">\n<div dir=\"auto\"><\/div>\n<\/div>\n<div dir=\"auto\">O Agravo de Instrumento\u00a0 tem o n\u00ba\u00a02182906-55.2022.8.26.0000 COMARCA DE DRACENA<\/div>\n<div dir=\"auto\">Como agravante J\u00falio C\u00e9sar Monteiro da Silva e Agravada a C\u00e2mara Municipal de Dracena.<\/div>\n<div dir=\"auto\"><\/div>\n<\/div>\n<div dir=\"auto\"><strong>VEJA O AGRAVO NA \u00cdNTEGRA:<\/strong><\/div>\n<\/div>\n<\/div>\n<div style=\"text-align: justify;\">\n<div class=\"stjgntxs ni8dbmo4 l82x9zwi uo3d90p7 h905i5nu monazrh9\" data-visualcompletion=\"ignore-dynamic\">\n<div>\n<div>\n<div>\n<div class=\"l9j0dhe7\">\n<div class=\"bp9cbjyn m9osqain j83agx80 jq4qci2q bkfpd7mw a3bd9o3v kvgmc6g5 wkznzc2l oygrvhab dhix69tm jktsbyx5 rz4wbd8a osnr6wyh a8nywdso s1tcr66n\">\n<div class=\"bp9cbjyn j83agx80 pfnyh3mw p1ueia1e\">\n<div class=\"gtad4xkn\"><\/div>\n<\/div>\n<\/div>\n<\/div>\n<div class=\"tvfksri0 ozuftl9m\">\n<div class=\"rq0escxv l9j0dhe7 du4w35lb j83agx80 pfnyh3mw i1fnvgqd gs1a9yip owycx6da btwxx1t3 ph5uu5jm b3onmgus e5nlhep0 ecm0bbzt nkwizq5d roh60bw9 mysgfdmx hddg9phg\">\n<div class=\"rq0escxv l9j0dhe7 du4w35lb j83agx80 cbu4d94t d2edcug0 hpfvmrgz rj1gh0hx buofh1pr g5gj957u n8tt0mok hyh9befq iuny7tx3 ipjc6fyt\">\n<div class=\"oajrlxb2 gs1a9yip g5ia77u1 mtkw9kbi tlpljxtp qensuy8j ppp5ayq2 goun2846 ccm00jje s44p3ltw mk2mc5f4 rt8b4zig n8ej3o3l agehan2d sk4xxmp2 rq0escxv nhd2j8a9 mg4g778l pfnyh3mw p7hjln8o kvgmc6g5 cxmmr5t8 oygrvhab hcukyx3x tgvbjcpo hpfvmrgz jb3vyjys rz4wbd8a qt6c0cv9 a8nywdso l9j0dhe7 i1ao9s8h esuyzwwr f1sip0of du4w35lb n00je7tq arfg74bv qs9ysxi8 k77z8yql pq6dq46d btwxx1t3 abiwlrkh p8dawk7l lzcic4wl\" tabindex=\"0\" role=\"button\" aria-label=\"Envie isso para amigos ou publique na sua linha do tempo\">\n<div class=\"rq0escxv l9j0dhe7 du4w35lb j83agx80 rj1gh0hx buofh1pr g5gj957u hpfvmrgz taijpn5t bp9cbjyn owycx6da btwxx1t3 d1544ag0 tw6a2znq jb3vyjys dlv3wnog rl04r1d5 mysgfdmx hddg9phg qu8okrzs g0qnabr5\">\n<div class=\"rq0escxv l9j0dhe7 du4w35lb j83agx80 cbu4d94t pfnyh3mw d2edcug0 hpfvmrgz ph5uu5jm b3onmgus iuny7tx3 ipjc6fyt\"><\/div>\n<\/div>\n<\/div>\n<\/div>\n<\/div>\n<\/div>\n<\/div>\n<\/div>\n<\/div>\n<\/div>\n<\/div>\n<p style=\"font-weight: 400; text-align: justify;\">\u00c9 agravo de instrumento tempestivo tirado de procedimento comum e de decis\u00e3o que indeferiu tutela de urg\u00eancia para suspens\u00e3o do Ato Legislativo n\u00ba 003, de 27 de junho de 2022, da C\u00e2mara Municipal de Dracena, que cassou o mandato de vereador do agravante.<\/p>\n<p style=\"font-weight: 400; text-align: justify;\">Inconformado recorre o autor objetivando a reforma da decis\u00e3o. Para tanto, sustenta, em s\u00edntese, que concorrem os requisitos legais, pois o Processo Administrativo n\u00ba 01\/2022 se acha eivado dos seguintes v\u00edcios: a) falta de desmembramento da vota\u00e7\u00e3o de acordo com as infra\u00e7\u00f5es imputadas na den\u00fancia; b) foi impedido de votar e participar da sess\u00e3o de julgamento; c) falta de qu\u00f3rum e irregularidade na convoca\u00e7\u00e3o de suplente que estaria impedida de participar da sess\u00e3o por ser interessada no resultado do julgamento.<\/p>\n<p style=\"font-weight: 400; text-align: justify;\">Defiro a antecipa\u00e7\u00e3o da tutela recursal (art. 1.019, I, CPC) para suspens\u00e3o do ato legislativo impugnado diante da probabilidade de provimento do recurso e plausibilidade de risco de dano grave, de dif\u00edcil ou imposs\u00edvel repara\u00e7\u00e3o (art. 995, par\u00e1grafo \u00fanico, CPC). Comunique-se e cumpra-se, com urg\u00eancia.<\/p>\n<p style=\"font-weight: 400; text-align: justify;\">Dispenso contraminuta por n\u00e3o formada a rela\u00e7\u00e3o jur\u00eddica processual e por se tratar de decis\u00e3o que versa sobre tutela provis\u00f3ria de urg\u00eancia (art. 9\u00ba, par\u00e1grafo \u00fanico, II, CPC).<\/p>\n<p style=\"font-weight: 400; text-align: justify;\">Intimem-se.<\/p>\n<p style=\"font-weight: 400; text-align: justify;\">S\u00e3o Paulo, 09 de agosto de 2022<\/p>\n<p style=\"font-weight: 400; text-align: justify;\">D\u00c9CIO NOTARANGELI<\/p>\n<p style=\"font-weight: 400; text-align: justify;\">Relator<\/p>\n","protected":false},"excerpt":{"rendered":"<p>O Vereador cassado J\u00falio C\u00e9sar Monteira da Silva retorna \u00e0 C\u00e2mara Municipal de Dracena, ap\u00f3s liminar favor\u00e1vel da Justi\u00e7a. A decis\u00e3o com pedido de urg\u00eancia dever\u00e1 ser protocolada amanh\u00e3 no Legislativo Dracenense. O ex-vereador que (tinha sido cassado em 23 de junho em vota\u00e7\u00e3o na C\u00e2mara Municipal),\u00a0 por suposta infra\u00e7\u00e3o de legislar em causa pr\u00f3pria, [&hellip;]<\/p>\n","protected":false},"author":1,"featured_media":67386,"comment_status":"closed","ping_status":"open","sticky":false,"template":"","format":"standard","meta":{"footnotes":""},"categories":[120,110],"tags":[],"class_list":["post-67385","post","type-post","status-publish","format-standard","has-post-thumbnail","hentry","category-justicahabitacaotecnologia","category-noticiasdestaque"],"_links":{"self":[{"href":"https:\/\/jorgezanoni.com.br\/2019\/wp-json\/wp\/v2\/posts\/67385","targetHints":{"allow":["GET"]}}],"collection":[{"href":"https:\/\/jorgezanoni.com.br\/2019\/wp-json\/wp\/v2\/posts"}],"about":[{"href":"https:\/\/jorgezanoni.com.br\/2019\/wp-json\/wp\/v2\/types\/post"}],"author":[{"embeddable":true,"href":"https:\/\/jorgezanoni.com.br\/2019\/wp-json\/wp\/v2\/users\/1"}],"replies":[{"embeddable":true,"href":"https:\/\/jorgezanoni.com.br\/2019\/wp-json\/wp\/v2\/comments?post=67385"}],"version-history":[{"count":3,"href":"https:\/\/jorgezanoni.com.br\/2019\/wp-json\/wp\/v2\/posts\/67385\/revisions"}],"predecessor-version":[{"id":67390,"href":"https:\/\/jorgezanoni.com.br\/2019\/wp-json\/wp\/v2\/posts\/67385\/revisions\/67390"}],"wp:featuredmedia":[{"embeddable":true,"href":"https:\/\/jorgezanoni.com.br\/2019\/wp-json\/wp\/v2\/media\/67386"}],"wp:attachment":[{"href":"https:\/\/jorgezanoni.com.br\/2019\/wp-json\/wp\/v2\/media?parent=67385"}],"wp:term":[{"taxonomy":"category","embeddable":true,"href":"https:\/\/jorgezanoni.com.br\/2019\/wp-json\/wp\/v2\/categories?post=67385"},{"taxonomy":"post_tag","embeddable":true,"href":"https:\/\/jorgezanoni.com.br\/2019\/wp-json\/wp\/v2\/tags?post=67385"}],"curies":[{"name":"wp","href":"https:\/\/api.w.org\/{rel}","templated":true}]}}