{"id":67342,"date":"2022-08-08T00:29:40","date_gmt":"2022-08-08T00:29:40","guid":{"rendered":"https:\/\/jorgezanoni.com.br\/2019\/?p=67342"},"modified":"2022-08-08T00:29:40","modified_gmt":"2022-08-08T00:29:40","slug":"morre-o-sr-waldemar-santin-antigo-morador-e-ex-comerciante-em-dracena","status":"publish","type":"post","link":"https:\/\/jorgezanoni.com.br\/2019\/morre-o-sr-waldemar-santin-antigo-morador-e-ex-comerciante-em-dracena\/","title":{"rendered":"Morre o sr. Waldemar Santin, antigo morador e ex-comerciante em Dracena"},"content":{"rendered":"<p style=\"text-align: justify;\">Comunicamos com pesar o falecimento do sr. Waldemar Santin de 88 anos. Foi por muitos anos atuante no ramo de materiais de constru\u00e7\u00e3o onde hoje funciona o Dep\u00f3sito S\u00e3o Benedito.<\/p>\n<p style=\"text-align: justify;\">Deixa a esposa, filhos, netos, noras, demais familiares e amigos. \u00c9 pai de Celso Santin Provedor da Santa Casa de Dracena.<\/p>\n<p style=\"text-align: justify;\">O Corpo est\u00e1 sendo velado na sala 4, no Memorial Vida Prev, e o Sepultamento ocorre amanh\u00e3 (8), no Cemit\u00e9rio Municipal de Dracena.<\/p>\n<p style=\"text-align: justify;\">O Site JZ se solidariza com a fam\u00edlia e amigos neste dif\u00edcil momento.<\/p>\n<p style=\"text-align: justify;\">Jorge Zanoni<\/p>\n<p>&nbsp;<\/p>\n<p><img loading=\"lazy\" decoding=\"async\" class=\"alignnone size-full wp-image-67343\" src=\"https:\/\/jorgezanoni.com.br\/2019\/wp-content\/uploads\/2022\/08\/Waldemar.jpg\" alt=\"\" width=\"1280\" height=\"1279\" srcset=\"https:\/\/jorgezanoni.com.br\/2019\/wp-content\/uploads\/2022\/08\/Waldemar.jpg 1280w, https:\/\/jorgezanoni.com.br\/2019\/wp-content\/uploads\/2022\/08\/Waldemar-300x300.jpg 300w, https:\/\/jorgezanoni.com.br\/2019\/wp-content\/uploads\/2022\/08\/Waldemar-1024x1024.jpg 1024w, https:\/\/jorgezanoni.com.br\/2019\/wp-content\/uploads\/2022\/08\/Waldemar-150x150.jpg 150w, https:\/\/jorgezanoni.com.br\/2019\/wp-content\/uploads\/2022\/08\/Waldemar-768x767.jpg 768w, https:\/\/jorgezanoni.com.br\/2019\/wp-content\/uploads\/2022\/08\/Waldemar-696x695.jpg 696w, https:\/\/jorgezanoni.com.br\/2019\/wp-content\/uploads\/2022\/08\/Waldemar-1068x1067.jpg 1068w, https:\/\/jorgezanoni.com.br\/2019\/wp-content\/uploads\/2022\/08\/Waldemar-420x420.jpg 420w\" sizes=\"auto, (max-width: 1280px) 100vw, 1280px\" \/><\/p>\n","protected":false},"excerpt":{"rendered":"<p>Comunicamos com pesar o falecimento do sr. Waldemar Santin de 88 anos. Foi por muitos anos atuante no ramo de materiais de constru\u00e7\u00e3o onde hoje funciona o Dep\u00f3sito S\u00e3o Benedito. Deixa a esposa, filhos, netos, noras, demais familiares e amigos. \u00c9 pai de Celso Santin Provedor da Santa Casa de Dracena. O Corpo est\u00e1 sendo [&hellip;]<\/p>\n","protected":false},"author":1,"featured_media":67344,"comment_status":"closed","ping_status":"open","sticky":false,"template":"","format":"standard","meta":{"footnotes":""},"categories":[178,110],"tags":[],"class_list":["post-67342","post","type-post","status-publish","format-standard","has-post-thumbnail","hentry","category-notadefalecimento","category-noticiasdestaque"],"_links":{"self":[{"href":"https:\/\/jorgezanoni.com.br\/2019\/wp-json\/wp\/v2\/posts\/67342","targetHints":{"allow":["GET"]}}],"collection":[{"href":"https:\/\/jorgezanoni.com.br\/2019\/wp-json\/wp\/v2\/posts"}],"about":[{"href":"https:\/\/jorgezanoni.com.br\/2019\/wp-json\/wp\/v2\/types\/post"}],"author":[{"embeddable":true,"href":"https:\/\/jorgezanoni.com.br\/2019\/wp-json\/wp\/v2\/users\/1"}],"replies":[{"embeddable":true,"href":"https:\/\/jorgezanoni.com.br\/2019\/wp-json\/wp\/v2\/comments?post=67342"}],"version-history":[{"count":1,"href":"https:\/\/jorgezanoni.com.br\/2019\/wp-json\/wp\/v2\/posts\/67342\/revisions"}],"predecessor-version":[{"id":67345,"href":"https:\/\/jorgezanoni.com.br\/2019\/wp-json\/wp\/v2\/posts\/67342\/revisions\/67345"}],"wp:featuredmedia":[{"embeddable":true,"href":"https:\/\/jorgezanoni.com.br\/2019\/wp-json\/wp\/v2\/media\/67344"}],"wp:attachment":[{"href":"https:\/\/jorgezanoni.com.br\/2019\/wp-json\/wp\/v2\/media?parent=67342"}],"wp:term":[{"taxonomy":"category","embeddable":true,"href":"https:\/\/jorgezanoni.com.br\/2019\/wp-json\/wp\/v2\/categories?post=67342"},{"taxonomy":"post_tag","embeddable":true,"href":"https:\/\/jorgezanoni.com.br\/2019\/wp-json\/wp\/v2\/tags?post=67342"}],"curies":[{"name":"wp","href":"https:\/\/api.w.org\/{rel}","templated":true}]}}