{"id":67321,"date":"2022-08-06T18:35:59","date_gmt":"2022-08-06T18:35:59","guid":{"rendered":"https:\/\/jorgezanoni.com.br\/2019\/?p=67321"},"modified":"2022-08-06T20:57:25","modified_gmt":"2022-08-06T20:57:25","slug":"jovem-ex-morador-do-bairro-metropole-em-dracena-morre-em-acidente-de-moto-em-tres-lagoas-ms","status":"publish","type":"post","link":"https:\/\/jorgezanoni.com.br\/2019\/jovem-ex-morador-do-bairro-metropole-em-dracena-morre-em-acidente-de-moto-em-tres-lagoas-ms\/","title":{"rendered":"Jovem ex-morador do Bairro Metr\u00f3pole em Dracena, morre em acidente de Moto em Tr\u00eas Lagoas\/MS."},"content":{"rendered":"<p style=\"text-align: justify;\">Mateus Augusto Fonseca de 25 anos, morreu na madrugada deste s\u00e1bado (06) em grave acidente quando perdeu o controle da motocicleta que pilotava, invadiu uma cal\u00e7ada, atingiu \u00e1rvore e port\u00f5es de v\u00e1rias casas.<\/p>\n<p>Foi estudante do Col\u00e9gio Agr\u00edcola de Dracena e trabalhou no restaurante Bela Brasa por um bom per\u00edodo.<\/p>\n<p style=\"text-align: justify;\">A v\u00edtima pilotava uma moto Yamaha laranja pela Avenida Capit\u00e3o Olinto Mancini, na cidade de Tr\u00eas Lagoas, por volta de 4 H. da madrugada deste s\u00e1bado (6).<\/p>\n<p style=\"text-align: justify;\">Com a queda, ele caiu ainda na cal\u00e7ada e uma parte da moto ficou pr\u00f3xima da v\u00edtima, enquanto a parte dianteira foi encontrada ca\u00edda na frente de outra resid\u00eancia.<\/p>\n<p style=\"text-align: justify;\">O caso foi registrado na delegacia como\u00a0morte\u00a0a esclarecer.<\/p>\n<p><img loading=\"lazy\" decoding=\"async\" class=\"alignnone size-full wp-image-67322\" src=\"https:\/\/jorgezanoni.com.br\/2019\/wp-content\/uploads\/2022\/08\/Moto.jpg\" alt=\"\" width=\"500\" height=\"261\" srcset=\"https:\/\/jorgezanoni.com.br\/2019\/wp-content\/uploads\/2022\/08\/Moto.jpg 500w, https:\/\/jorgezanoni.com.br\/2019\/wp-content\/uploads\/2022\/08\/Moto-300x157.jpg 300w\" sizes=\"auto, (max-width: 500px) 100vw, 500px\" \/><\/p>\n<p>Fonte: https:\/\/67informa.com.br\/ms<\/p>\n<p>Foto Capa Facebook<\/p>\n<p>Comp. Jorge Zanoni<\/p>\n","protected":false},"excerpt":{"rendered":"<p>Mateus Augusto Fonseca de 25 anos, morreu na madrugada deste s\u00e1bado (06) em grave acidente quando perdeu o controle da motocicleta que pilotava, invadiu uma cal\u00e7ada, atingiu \u00e1rvore e port\u00f5es de v\u00e1rias casas. Foi estudante do Col\u00e9gio Agr\u00edcola de Dracena e trabalhou no restaurante Bela Brasa por um bom per\u00edodo. A v\u00edtima pilotava uma moto [&hellip;]<\/p>\n","protected":false},"author":1,"featured_media":67325,"comment_status":"closed","ping_status":"open","sticky":false,"template":"","format":"standard","meta":{"footnotes":""},"categories":[170,110],"tags":[],"class_list":["post-67321","post","type-post","status-publish","format-standard","has-post-thumbnail","hentry","category-acidentes","category-noticiasdestaque"],"_links":{"self":[{"href":"https:\/\/jorgezanoni.com.br\/2019\/wp-json\/wp\/v2\/posts\/67321","targetHints":{"allow":["GET"]}}],"collection":[{"href":"https:\/\/jorgezanoni.com.br\/2019\/wp-json\/wp\/v2\/posts"}],"about":[{"href":"https:\/\/jorgezanoni.com.br\/2019\/wp-json\/wp\/v2\/types\/post"}],"author":[{"embeddable":true,"href":"https:\/\/jorgezanoni.com.br\/2019\/wp-json\/wp\/v2\/users\/1"}],"replies":[{"embeddable":true,"href":"https:\/\/jorgezanoni.com.br\/2019\/wp-json\/wp\/v2\/comments?post=67321"}],"version-history":[{"count":3,"href":"https:\/\/jorgezanoni.com.br\/2019\/wp-json\/wp\/v2\/posts\/67321\/revisions"}],"predecessor-version":[{"id":67328,"href":"https:\/\/jorgezanoni.com.br\/2019\/wp-json\/wp\/v2\/posts\/67321\/revisions\/67328"}],"wp:featuredmedia":[{"embeddable":true,"href":"https:\/\/jorgezanoni.com.br\/2019\/wp-json\/wp\/v2\/media\/67325"}],"wp:attachment":[{"href":"https:\/\/jorgezanoni.com.br\/2019\/wp-json\/wp\/v2\/media?parent=67321"}],"wp:term":[{"taxonomy":"category","embeddable":true,"href":"https:\/\/jorgezanoni.com.br\/2019\/wp-json\/wp\/v2\/categories?post=67321"},{"taxonomy":"post_tag","embeddable":true,"href":"https:\/\/jorgezanoni.com.br\/2019\/wp-json\/wp\/v2\/tags?post=67321"}],"curies":[{"name":"wp","href":"https:\/\/api.w.org\/{rel}","templated":true}]}}