{"id":67315,"date":"2022-08-06T17:43:33","date_gmt":"2022-08-06T17:43:33","guid":{"rendered":"https:\/\/jorgezanoni.com.br\/2019\/?p=67315"},"modified":"2022-08-06T17:43:33","modified_gmt":"2022-08-06T17:43:33","slug":"policia-militar-localiza-autor-de-furto-e-recupera-res-furtiva-em-panorama","status":"publish","type":"post","link":"https:\/\/jorgezanoni.com.br\/2019\/policia-militar-localiza-autor-de-furto-e-recupera-res-furtiva-em-panorama\/","title":{"rendered":"Pol\u00edcia Militar localiza autor de furto e recupera r\u00e9s furtiva em Panorama"},"content":{"rendered":"<p style=\"text-align: justify;\">Na madrugada de hoje, por volta das 03horas, a unidade da Pol\u00edcia Militar em servi\u00e7o no munic\u00edpio de Panorama, durante patrulhamento com vistas a coibir furtos pela cidade de Panorama, dentre outros, bem como identificar os poss\u00edveis autores de um furto ocorrido a uma bicicleta. Em patrulhamento os policiais militares se depararam com um indiv\u00edduo cujo reca\u00eda diversas den\u00fancias perambulando pelas ruas da cidade. Em abordagem ao ser questionado sobre os furtos, confessou que havia furtado a bicicleta Voyce, modelo feminino, cor vermelha em data anterior, devido a sua abstin\u00eancia por crack e teria vendido pelo valor de R$50,00 para comprar a droga, indicando o endere\u00e7o onde teria vendido a bicicleta. No local, a moradora declarou que o autor pediu para que ela guardasse a bicicleta que ele buscaria posterior, que somente guardou a bicicleta e de pronto entregou a bicicleta aos militares.<br \/>\nDiante dos fatos os policiais deslocaram a resid\u00eancia da v\u00edtima, que de imediato reconheceu a bicicleta como sendo a sua que havia sido furtada. Diante dos fatos, autor e r\u00e9s furtiva foram encaminhados ao Plant\u00e3o de Pol\u00edcia Judici\u00e1ria onde foi ouvido e liberado.<\/p>\n<p style=\"text-align: justify;\">Fonte: Com. Social Pol\u00edcia Militar<\/p>\n","protected":false},"excerpt":{"rendered":"<p>Na madrugada de hoje, por volta das 03horas, a unidade da Pol\u00edcia Militar em servi\u00e7o no munic\u00edpio de Panorama, durante patrulhamento com vistas a coibir furtos pela cidade de Panorama, dentre outros, bem como identificar os poss\u00edveis autores de um furto ocorrido a uma bicicleta. Em patrulhamento os policiais militares se depararam com um indiv\u00edduo [&hellip;]<\/p>\n","protected":false},"author":1,"featured_media":67316,"comment_status":"closed","ping_status":"open","sticky":false,"template":"","format":"standard","meta":{"footnotes":""},"categories":[110,2],"tags":[],"class_list":["post-67315","post","type-post","status-publish","format-standard","has-post-thumbnail","hentry","category-noticiasdestaque","category-policial"],"_links":{"self":[{"href":"https:\/\/jorgezanoni.com.br\/2019\/wp-json\/wp\/v2\/posts\/67315","targetHints":{"allow":["GET"]}}],"collection":[{"href":"https:\/\/jorgezanoni.com.br\/2019\/wp-json\/wp\/v2\/posts"}],"about":[{"href":"https:\/\/jorgezanoni.com.br\/2019\/wp-json\/wp\/v2\/types\/post"}],"author":[{"embeddable":true,"href":"https:\/\/jorgezanoni.com.br\/2019\/wp-json\/wp\/v2\/users\/1"}],"replies":[{"embeddable":true,"href":"https:\/\/jorgezanoni.com.br\/2019\/wp-json\/wp\/v2\/comments?post=67315"}],"version-history":[{"count":1,"href":"https:\/\/jorgezanoni.com.br\/2019\/wp-json\/wp\/v2\/posts\/67315\/revisions"}],"predecessor-version":[{"id":67317,"href":"https:\/\/jorgezanoni.com.br\/2019\/wp-json\/wp\/v2\/posts\/67315\/revisions\/67317"}],"wp:featuredmedia":[{"embeddable":true,"href":"https:\/\/jorgezanoni.com.br\/2019\/wp-json\/wp\/v2\/media\/67316"}],"wp:attachment":[{"href":"https:\/\/jorgezanoni.com.br\/2019\/wp-json\/wp\/v2\/media?parent=67315"}],"wp:term":[{"taxonomy":"category","embeddable":true,"href":"https:\/\/jorgezanoni.com.br\/2019\/wp-json\/wp\/v2\/categories?post=67315"},{"taxonomy":"post_tag","embeddable":true,"href":"https:\/\/jorgezanoni.com.br\/2019\/wp-json\/wp\/v2\/tags?post=67315"}],"curies":[{"name":"wp","href":"https:\/\/api.w.org\/{rel}","templated":true}]}}