{"id":67312,"date":"2022-08-06T17:34:47","date_gmt":"2022-08-06T17:34:47","guid":{"rendered":"https:\/\/jorgezanoni.com.br\/2019\/?p=67312"},"modified":"2022-08-06T17:34:47","modified_gmt":"2022-08-06T17:34:47","slug":"policia-civil-cumpre-mandados-da-justica-e-prende-quatro-homens-em-dracena","status":"publish","type":"post","link":"https:\/\/jorgezanoni.com.br\/2019\/policia-civil-cumpre-mandados-da-justica-e-prende-quatro-homens-em-dracena\/","title":{"rendered":"Pol\u00edcia Civil cumpre mandados da Justi\u00e7a e prende quatro homens em Dracena"},"content":{"rendered":"<p style=\"text-align: justify;\"><strong>Diante das ordens judiciais quatro homens com idades de 23, 28, 32 e 38 anos, foram presos e ficaram \u00e0 disposi\u00e7\u00e3o da Justi\u00e7a.<\/strong><\/p>\n<p style=\"text-align: justify;\">A Pol\u00edcia Civil, por interm\u00e9dio da Unidades Especializadas (Delegacia de Investiga\u00e7\u00f5es Gerais &#8211; DIG e Delegacia de Investiga\u00e7\u00f5es Sobre Entorpecentes &#8211; DISE), cumpriu durante esta semana quatro mandados de pris\u00e3o em desfavor de indiv\u00edduos que estavam com senten\u00e7a condenat\u00f3ria de pris\u00e3o definitiva.<\/p>\n<p style=\"text-align: justify;\">Agentes da Unidades Especializadas, durante os trabalhos investigativos e especializados, realizaram as pris\u00f5es em diferentes bairros, de Dracena. Quatro homens com idades de 23, 28, 32 e 38 anos foram presos por crimes distintos, passaram por audi\u00eancia de cust\u00f3dia, e ficaram \u00e0 disposi\u00e7\u00e3o Justi\u00e7a.<\/p>\n<p style=\"text-align: justify;\">As senten\u00e7as condenat\u00f3rias eram por crimes de viol\u00eancia dom\u00e9stica, contrabando de mercadoria proibida e servir bebida alco\u00f3lica a menor de 18 anos.<\/p>\n<p style=\"text-align: justify;\"><strong>Den\u00fancia<\/strong><br \/>\nA popula\u00e7\u00e3o pode contribuir com informa\u00e7\u00f5es sobre pessoas procuradas da Justi\u00e7a. As den\u00fancias podem ser feitas para o n\u00famero 181, o Disque Den\u00fancia, ou para o (18) 3821 3753 &#8211; Unidades Especializadas. O sigilo e o anonimato s\u00e3o garantidos.<\/p>\n<p style=\"text-align: justify;\">Fonte: Com. Social Pol\u00edcia Civil<\/p>\n","protected":false},"excerpt":{"rendered":"<p>Diante das ordens judiciais quatro homens com idades de 23, 28, 32 e 38 anos, foram presos e ficaram \u00e0 disposi\u00e7\u00e3o da Justi\u00e7a. A Pol\u00edcia Civil, por interm\u00e9dio da Unidades Especializadas (Delegacia de Investiga\u00e7\u00f5es Gerais &#8211; DIG e Delegacia de Investiga\u00e7\u00f5es Sobre Entorpecentes &#8211; DISE), cumpriu durante esta semana quatro mandados de pris\u00e3o em desfavor [&hellip;]<\/p>\n","protected":false},"author":1,"featured_media":67313,"comment_status":"closed","ping_status":"open","sticky":false,"template":"","format":"standard","meta":{"footnotes":""},"categories":[110,2],"tags":[],"class_list":["post-67312","post","type-post","status-publish","format-standard","has-post-thumbnail","hentry","category-noticiasdestaque","category-policial"],"_links":{"self":[{"href":"https:\/\/jorgezanoni.com.br\/2019\/wp-json\/wp\/v2\/posts\/67312","targetHints":{"allow":["GET"]}}],"collection":[{"href":"https:\/\/jorgezanoni.com.br\/2019\/wp-json\/wp\/v2\/posts"}],"about":[{"href":"https:\/\/jorgezanoni.com.br\/2019\/wp-json\/wp\/v2\/types\/post"}],"author":[{"embeddable":true,"href":"https:\/\/jorgezanoni.com.br\/2019\/wp-json\/wp\/v2\/users\/1"}],"replies":[{"embeddable":true,"href":"https:\/\/jorgezanoni.com.br\/2019\/wp-json\/wp\/v2\/comments?post=67312"}],"version-history":[{"count":1,"href":"https:\/\/jorgezanoni.com.br\/2019\/wp-json\/wp\/v2\/posts\/67312\/revisions"}],"predecessor-version":[{"id":67314,"href":"https:\/\/jorgezanoni.com.br\/2019\/wp-json\/wp\/v2\/posts\/67312\/revisions\/67314"}],"wp:featuredmedia":[{"embeddable":true,"href":"https:\/\/jorgezanoni.com.br\/2019\/wp-json\/wp\/v2\/media\/67313"}],"wp:attachment":[{"href":"https:\/\/jorgezanoni.com.br\/2019\/wp-json\/wp\/v2\/media?parent=67312"}],"wp:term":[{"taxonomy":"category","embeddable":true,"href":"https:\/\/jorgezanoni.com.br\/2019\/wp-json\/wp\/v2\/categories?post=67312"},{"taxonomy":"post_tag","embeddable":true,"href":"https:\/\/jorgezanoni.com.br\/2019\/wp-json\/wp\/v2\/tags?post=67312"}],"curies":[{"name":"wp","href":"https:\/\/api.w.org\/{rel}","templated":true}]}}