{"id":67299,"date":"2022-08-05T21:52:35","date_gmt":"2022-08-05T21:52:35","guid":{"rendered":"https:\/\/jorgezanoni.com.br\/2019\/?p=67299"},"modified":"2022-08-05T21:52:35","modified_gmt":"2022-08-05T21:52:35","slug":"policia-civil-recupera-televisao-furtada-de-residencia-em-panorama","status":"publish","type":"post","link":"https:\/\/jorgezanoni.com.br\/2019\/policia-civil-recupera-televisao-furtada-de-residencia-em-panorama\/","title":{"rendered":"Pol\u00edcia Civil recupera Televis\u00e3o furtada de resid\u00eancia em Panorama"},"content":{"rendered":"<p style=\"text-align: justify;\">O furto ocorreu nesta madrugada em um im\u00f3vel localizado no bairro Marrecas. A v\u00edtima relatou que uma janela, de um dos c\u00f4modos da casa estava arrombada, e que furtaram uma TV de 24 polegadas, que ficava na sala.<\/p>\n<p style=\"text-align: justify;\">A Pol\u00edcia Civil, por interm\u00e9dio da Delegacia de Pol\u00edcia de Panorama, recuperou nesta sexta-feira (5), um aparelho de televis\u00e3o de 24 polegadas que havia sido furtado no in\u00edcio desta madrugada, de uma resid\u00eancia localizada no bairro Marrecas em Panorama-SP.<\/p>\n<p style=\"text-align: justify;\">Ao registrar a ocorr\u00eancia a v\u00edtima noticiou que ao chegar em sua casa, nesta madrugada (5), percebeu que a janela de um dos c\u00f4modos da casa estava arrombada e que uma TV, 24 polegadas, que ficava na sala havia sido furtada.<\/p>\n<p style=\"text-align: justify;\">De posse das informa\u00e7\u00f5es prestadas pela v\u00edtima, e da realiza\u00e7\u00e3o de trabalhos investigativos, os agentes do Setor de Investiga\u00e7\u00e3o localizaram o referido televisor furtado na casa de um suspeito. O aparelho de televis\u00e3o foi apreendido e restitu\u00eddo \u00e0 v\u00edtima.<\/p>\n<p style=\"text-align: justify;\">O suspeito, que n\u00e3o teve seus dados divulgados, foi conduzido at\u00e9 a Delegacia de Pol\u00edcia e ap\u00f3s ter sido ouvido, foi liberado. Foi acionando uma equipe da Pol\u00edcia T\u00e9cnico Cient\u00edfica para periciar o im\u00f3vel furtado, que vai subsidiar o inqu\u00e9rito policial de furto qualificado instaurado pela Pol\u00edcia Civil.<\/p>\n<p style=\"text-align: justify;\">Fonte: Com. Social Pol\u00edcia Civil<\/p>\n","protected":false},"excerpt":{"rendered":"<p>O furto ocorreu nesta madrugada em um im\u00f3vel localizado no bairro Marrecas. A v\u00edtima relatou que uma janela, de um dos c\u00f4modos da casa estava arrombada, e que furtaram uma TV de 24 polegadas, que ficava na sala. A Pol\u00edcia Civil, por interm\u00e9dio da Delegacia de Pol\u00edcia de Panorama, recuperou nesta sexta-feira (5), um aparelho [&hellip;]<\/p>\n","protected":false},"author":1,"featured_media":67300,"comment_status":"closed","ping_status":"open","sticky":false,"template":"","format":"standard","meta":{"footnotes":""},"categories":[110,2],"tags":[],"class_list":["post-67299","post","type-post","status-publish","format-standard","has-post-thumbnail","hentry","category-noticiasdestaque","category-policial"],"_links":{"self":[{"href":"https:\/\/jorgezanoni.com.br\/2019\/wp-json\/wp\/v2\/posts\/67299","targetHints":{"allow":["GET"]}}],"collection":[{"href":"https:\/\/jorgezanoni.com.br\/2019\/wp-json\/wp\/v2\/posts"}],"about":[{"href":"https:\/\/jorgezanoni.com.br\/2019\/wp-json\/wp\/v2\/types\/post"}],"author":[{"embeddable":true,"href":"https:\/\/jorgezanoni.com.br\/2019\/wp-json\/wp\/v2\/users\/1"}],"replies":[{"embeddable":true,"href":"https:\/\/jorgezanoni.com.br\/2019\/wp-json\/wp\/v2\/comments?post=67299"}],"version-history":[{"count":1,"href":"https:\/\/jorgezanoni.com.br\/2019\/wp-json\/wp\/v2\/posts\/67299\/revisions"}],"predecessor-version":[{"id":67301,"href":"https:\/\/jorgezanoni.com.br\/2019\/wp-json\/wp\/v2\/posts\/67299\/revisions\/67301"}],"wp:featuredmedia":[{"embeddable":true,"href":"https:\/\/jorgezanoni.com.br\/2019\/wp-json\/wp\/v2\/media\/67300"}],"wp:attachment":[{"href":"https:\/\/jorgezanoni.com.br\/2019\/wp-json\/wp\/v2\/media?parent=67299"}],"wp:term":[{"taxonomy":"category","embeddable":true,"href":"https:\/\/jorgezanoni.com.br\/2019\/wp-json\/wp\/v2\/categories?post=67299"},{"taxonomy":"post_tag","embeddable":true,"href":"https:\/\/jorgezanoni.com.br\/2019\/wp-json\/wp\/v2\/tags?post=67299"}],"curies":[{"name":"wp","href":"https:\/\/api.w.org\/{rel}","templated":true}]}}