{"id":67272,"date":"2022-08-05T11:29:44","date_gmt":"2022-08-05T11:29:44","guid":{"rendered":"https:\/\/jorgezanoni.com.br\/2019\/?p=67272"},"modified":"2022-08-05T11:29:44","modified_gmt":"2022-08-05T11:29:44","slug":"jo-soares-morre-em-sao-paulo-aos-84-anos","status":"publish","type":"post","link":"https:\/\/jorgezanoni.com.br\/2019\/jo-soares-morre-em-sao-paulo-aos-84-anos\/","title":{"rendered":"J\u00f4 Soares morre em S\u00e3o Paulo aos 84 anos"},"content":{"rendered":"<h2 class=\"content-head__subtitle\" style=\"text-align: justify;\"><strong>Apresentador e humorista estava internado no Hospital S\u00edrio-Liban\u00eas, em S\u00e3o Paulo, desde o dia 28 de julho. Causa da morte n\u00e3o foi divulgada.<\/strong><\/h2>\n<p style=\"text-align: justify;\">O apresentador, humorista, ator e escritor\u00a0<a href=\"https:\/\/g1.globo.com\/tudo-sobre\/jo-soares\/\">J\u00f4 Soares<\/a>\u00a0morreu \u00e0s 2h30 desta sexta-feira (5), aos 84 anos. Considerado um dos maiores humoristas do Brasil, o apresentador do \u201cPrograma do J\u00f4\u201d, exibido na TV Globo de 2000 a 2016, estava internado desde 28 de julho no Hospital S\u00edrio-Liban\u00eas, na regi\u00e3o central de\u00a0<a href=\"https:\/\/g1.globo.com\/sp\/sao-paulo\/cidade\/sao-paulo\/\">S\u00e3o Paulo<\/a>, onde deu entrada para tratar de uma pneumonia.<\/p>\n<p style=\"text-align: justify;\">A causa da morte n\u00e3o foi divulgada. O enterro e vel\u00f3rio ser\u00e3o reservados \u00e0 fam\u00edlia e aos amigos, em data e local ainda n\u00e3o informados.<\/p>\n<div class=\"mc-column content-text active-extra-styles \" style=\"text-align: justify;\" data-block-type=\"unstyled\" data-block-weight=\"24\" data-block-id=\"7\">\n<p class=\"content-text__container \" data-track-category=\"Link no Texto\" data-track-links=\"\">O an\u00fancio da morte foi feito por Fl\u00e1via Pedra, ex-mulher de J\u00f4, e confirmada em nota pela assessoria de imprensa do Hospital S\u00edrio-Liban\u00eas.<\/p>\n<\/div>\n<div class=\"mc-column content-text active-extra-styles \" data-block-type=\"unstyled\" data-block-weight=\"94\" data-block-id=\"8\">\n<p class=\"content-text__container \" style=\"text-align: justify;\" data-track-category=\"Link no Texto\" data-track-links=\"\">&#8220;Voc\u00ea \u00e9 orgulho pra todo mundo que compartilhou de alguma forma a vida com voc\u00ea. Agrade\u00e7o aos senhores Tempo e Espa\u00e7o, por terem me dado a sorte de deixar nossas vidas se cruzarem. Obrigada pelas risadas de dar asma, por nossas casas do meu jeito, pelas viagens aos lugares mais chiques e mais mequetrefes, pela quantidade de filmes, que voc\u00ea achava uma sorte eu n\u00e3o lembrar pra ver de novo, e pela quantidade indecente de sorvete que a gente tomou assistindo\u201d, escreveu Fl\u00e1via em uma rede social.\u00a0<a href=\"https:\/\/g1.globo.com\/pop-arte\/noticia\/2022\/08\/05\/flavia-soares-ex-mulher-de-jo-soares-lamenta-morte-do-apresentador-amor-eterno.ghtml\">Leia a \u00edntegra do texto aqui<\/a>.<\/p>\n<p style=\"text-align: justify;\" data-track-category=\"Link no Texto\" data-track-links=\"\">Fonte: https:\/\/g1.globo.com\/sp\/sao-paulo\/noticia\/2022\/08\/05\/jo-soares-morre-em-sao-paulo-aos-84-anos.ghtml<\/p>\n<\/div>\n","protected":false},"excerpt":{"rendered":"<p>Apresentador e humorista estava internado no Hospital S\u00edrio-Liban\u00eas, em S\u00e3o Paulo, desde o dia 28 de julho. Causa da morte n\u00e3o foi divulgada. O apresentador, humorista, ator e escritor\u00a0J\u00f4 Soares\u00a0morreu \u00e0s 2h30 desta sexta-feira (5), aos 84 anos. Considerado um dos maiores humoristas do Brasil, o apresentador do \u201cPrograma do J\u00f4\u201d, exibido na TV Globo [&hellip;]<\/p>\n","protected":false},"author":1,"featured_media":67273,"comment_status":"closed","ping_status":"open","sticky":false,"template":"","format":"standard","meta":{"footnotes":""},"categories":[178,110],"tags":[],"class_list":["post-67272","post","type-post","status-publish","format-standard","has-post-thumbnail","hentry","category-notadefalecimento","category-noticiasdestaque"],"_links":{"self":[{"href":"https:\/\/jorgezanoni.com.br\/2019\/wp-json\/wp\/v2\/posts\/67272","targetHints":{"allow":["GET"]}}],"collection":[{"href":"https:\/\/jorgezanoni.com.br\/2019\/wp-json\/wp\/v2\/posts"}],"about":[{"href":"https:\/\/jorgezanoni.com.br\/2019\/wp-json\/wp\/v2\/types\/post"}],"author":[{"embeddable":true,"href":"https:\/\/jorgezanoni.com.br\/2019\/wp-json\/wp\/v2\/users\/1"}],"replies":[{"embeddable":true,"href":"https:\/\/jorgezanoni.com.br\/2019\/wp-json\/wp\/v2\/comments?post=67272"}],"version-history":[{"count":1,"href":"https:\/\/jorgezanoni.com.br\/2019\/wp-json\/wp\/v2\/posts\/67272\/revisions"}],"predecessor-version":[{"id":67274,"href":"https:\/\/jorgezanoni.com.br\/2019\/wp-json\/wp\/v2\/posts\/67272\/revisions\/67274"}],"wp:featuredmedia":[{"embeddable":true,"href":"https:\/\/jorgezanoni.com.br\/2019\/wp-json\/wp\/v2\/media\/67273"}],"wp:attachment":[{"href":"https:\/\/jorgezanoni.com.br\/2019\/wp-json\/wp\/v2\/media?parent=67272"}],"wp:term":[{"taxonomy":"category","embeddable":true,"href":"https:\/\/jorgezanoni.com.br\/2019\/wp-json\/wp\/v2\/categories?post=67272"},{"taxonomy":"post_tag","embeddable":true,"href":"https:\/\/jorgezanoni.com.br\/2019\/wp-json\/wp\/v2\/tags?post=67272"}],"curies":[{"name":"wp","href":"https:\/\/api.w.org\/{rel}","templated":true}]}}