{"id":67250,"date":"2022-08-04T22:57:30","date_gmt":"2022-08-04T22:57:30","guid":{"rendered":"https:\/\/jorgezanoni.com.br\/2019\/?p=67250"},"modified":"2022-08-04T22:57:30","modified_gmt":"2022-08-04T22:57:30","slug":"acidente-envolve-tres-veiculos-na-sp-294-entre-florida-e-pacaembu","status":"publish","type":"post","link":"https:\/\/jorgezanoni.com.br\/2019\/acidente-envolve-tres-veiculos-na-sp-294-entre-florida-e-pacaembu\/","title":{"rendered":"Acidente envolve tr\u00eas ve\u00edculos na SP-294 entre Fl\u00f3rida e Pacaembu"},"content":{"rendered":"<p style=\"text-align: justify;\">Um acidente ocorrido no cair da tarde desta quinta-feira (4), na Rodovia Comandante Jo\u00e3o Ribeiro de Barros, entre Fl\u00f3rida Paulista e Pacaembu envolveu tr\u00eas ve\u00edculos.<\/p>\n<p style=\"text-align: justify;\">Um Fiat Fiorino, um GM Astra com placas de Tupi Paulista e um VW Saveiro com placas de Ribeir\u00e3o Preto s\u00e3o os carros desta ocorr\u00eancia.<\/p>\n<p style=\"text-align: justify;\">De acordo com as primeiras informa\u00e7\u00f5es, segundo apurado pelo jornalismo Folha Regional, teriam sido registrados neste acidente apenas danos materiais, ou seja, n\u00e3o haviam v\u00edtimas no local, sendo que seguiam em mesma dire\u00e7\u00e3o (Fl\u00f3rida Paulista \/ Pacaembu) a Fiat Fiorino e a VW Saveiro.<\/p>\n<p style=\"text-align: justify;\">Em dado momento, o motorista da Fiorino teria perdido o controle da dire\u00e7\u00e3o e a Saveiro que seguia logo atr\u00e1s, ao tentar desviar, acabou colidindo com o Astra que fazia o sentido contr\u00e1rio (Pacaembu \/ Fl\u00f3rida Paulista).<\/p>\n<p style=\"text-align: justify;\">Apesar da din\u00e2mica aparente no local do acidente, as causas devem ser apuradas.<\/p>\n<p style=\"text-align: justify;\"><img loading=\"lazy\" decoding=\"async\" class=\"aligncenter wp-image-58354 jetpack-lazy-image jetpack-lazy-image--handled\" src=\"https:\/\/i0.wp.com\/ifolharegional.com.br\/wp-content\/uploads\/2022\/08\/WhatsApp-Image-2022-08-04-at-18.21.27.jpeg?resize=612%2C344&amp;ssl=1\" sizes=\"auto, (max-width: 612px) 100vw, 612px\" srcset=\"https:\/\/i0.wp.com\/ifolharegional.com.br\/wp-content\/uploads\/2022\/08\/WhatsApp-Image-2022-08-04-at-18.21.27.jpeg?resize=1024%2C576&amp;ssl=1 1024w, https:\/\/i0.wp.com\/ifolharegional.com.br\/wp-content\/uploads\/2022\/08\/WhatsApp-Image-2022-08-04-at-18.21.27.jpeg?resize=300%2C169&amp;ssl=1 300w, https:\/\/i0.wp.com\/ifolharegional.com.br\/wp-content\/uploads\/2022\/08\/WhatsApp-Image-2022-08-04-at-18.21.27.jpeg?resize=768%2C432&amp;ssl=1 768w, https:\/\/i0.wp.com\/ifolharegional.com.br\/wp-content\/uploads\/2022\/08\/WhatsApp-Image-2022-08-04-at-18.21.27.jpeg?resize=1536%2C864&amp;ssl=1 1536w, https:\/\/i0.wp.com\/ifolharegional.com.br\/wp-content\/uploads\/2022\/08\/WhatsApp-Image-2022-08-04-at-18.21.27.jpeg?w=1600&amp;ssl=1 1600w, https:\/\/i0.wp.com\/ifolharegional.com.br\/wp-content\/uploads\/2022\/08\/WhatsApp-Image-2022-08-04-at-18.21.27.jpeg?w=1480&amp;ssl=1 1480w\" alt=\"\" width=\"612\" height=\"344\" data-attachment-id=\"58354\" data-permalink=\"https:\/\/ifolharegional.com.br\/2022\/08\/04\/acidente-envolve-tres-veiculos-na-sp-294-entre-florida-e-pacaembu\/whatsapp-image-2022-08-04-at-18-21-27\/\" data-orig-file=\"https:\/\/i0.wp.com\/ifolharegional.com.br\/wp-content\/uploads\/2022\/08\/WhatsApp-Image-2022-08-04-at-18.21.27.jpeg?fit=1600%2C900&amp;ssl=1\" data-orig-size=\"1600,900\" data-comments-opened=\"0\" data-image-meta=\"{&quot;aperture&quot;:&quot;0&quot;,&quot;credit&quot;:&quot;&quot;,&quot;camera&quot;:&quot;&quot;,&quot;caption&quot;:&quot;&quot;,&quot;created_timestamp&quot;:&quot;0&quot;,&quot;copyright&quot;:&quot;&quot;,&quot;focal_length&quot;:&quot;0&quot;,&quot;iso&quot;:&quot;0&quot;,&quot;shutter_speed&quot;:&quot;0&quot;,&quot;title&quot;:&quot;&quot;,&quot;orientation&quot;:&quot;1&quot;}\" data-image-title=\"WhatsApp Image 2022-08-04 at 18.21.27\" data-image-description=\"\" data-image-caption=\"\" data-medium-file=\"https:\/\/i0.wp.com\/ifolharegional.com.br\/wp-content\/uploads\/2022\/08\/WhatsApp-Image-2022-08-04-at-18.21.27.jpeg?fit=300%2C169&amp;ssl=1\" data-large-file=\"https:\/\/i0.wp.com\/ifolharegional.com.br\/wp-content\/uploads\/2022\/08\/WhatsApp-Image-2022-08-04-at-18.21.27.jpeg?fit=740%2C416&amp;ssl=1\" data-recalc-dims=\"1\" data-lazy-loaded=\"1\" \/><br \/>\nO Sargento PM D\u2019Aquino, que \u00e9 comandante do 4\u00ba Grupamento Policial de Fl\u00f3rida Paulista, j\u00e1 de folga e no retorno para sua resid\u00eancia, passava pelo local no momento do acidente e prestou os primeiros atendimentos aos envolvidos. Ele contou com o apoio de outro militar o Soldado PM Luso, que tamb\u00e9m de retorno do trabalho, parou para o suporte at\u00e9 a chegada da equipe da Pol\u00edcia Militar Rodovi\u00e1ria.<\/p>\n<p style=\"text-align: justify;\">A equipe de radiopatrulha de Fl\u00f3rida Paulista que havia acabado de entrar em servi\u00e7o, com os policiais Cabo PM Daguano e Cabo PM Viotto tamb\u00e9m apoiou nesta ocorr\u00eancia.<\/p>\n<p style=\"text-align: justify;\">Aos motoristas que trafegam pela via \u00e9 necess\u00e1rio que seja redobrada a aten\u00e7\u00e3o visando evitar novos acidentes, uma vez que a ocorr\u00eancia segue em atendimento.<\/p>\n<p style=\"text-align: justify;\">A mat\u00e9ria segue aberta \u00e0 altera\u00e7\u00e3o de conte\u00fado, o que pode acontecer a qualquer momento.<\/p>\n<p style=\"text-align: justify;\">Fonte: Folha Regional<\/p>\n","protected":false},"excerpt":{"rendered":"<p>Um acidente ocorrido no cair da tarde desta quinta-feira (4), na Rodovia Comandante Jo\u00e3o Ribeiro de Barros, entre Fl\u00f3rida Paulista e Pacaembu envolveu tr\u00eas ve\u00edculos. Um Fiat Fiorino, um GM Astra com placas de Tupi Paulista e um VW Saveiro com placas de Ribeir\u00e3o Preto s\u00e3o os carros desta ocorr\u00eancia. De acordo com as primeiras [&hellip;]<\/p>\n","protected":false},"author":1,"featured_media":67251,"comment_status":"closed","ping_status":"open","sticky":false,"template":"","format":"standard","meta":{"footnotes":""},"categories":[170,110],"tags":[],"class_list":["post-67250","post","type-post","status-publish","format-standard","has-post-thumbnail","hentry","category-acidentes","category-noticiasdestaque"],"_links":{"self":[{"href":"https:\/\/jorgezanoni.com.br\/2019\/wp-json\/wp\/v2\/posts\/67250","targetHints":{"allow":["GET"]}}],"collection":[{"href":"https:\/\/jorgezanoni.com.br\/2019\/wp-json\/wp\/v2\/posts"}],"about":[{"href":"https:\/\/jorgezanoni.com.br\/2019\/wp-json\/wp\/v2\/types\/post"}],"author":[{"embeddable":true,"href":"https:\/\/jorgezanoni.com.br\/2019\/wp-json\/wp\/v2\/users\/1"}],"replies":[{"embeddable":true,"href":"https:\/\/jorgezanoni.com.br\/2019\/wp-json\/wp\/v2\/comments?post=67250"}],"version-history":[{"count":1,"href":"https:\/\/jorgezanoni.com.br\/2019\/wp-json\/wp\/v2\/posts\/67250\/revisions"}],"predecessor-version":[{"id":67252,"href":"https:\/\/jorgezanoni.com.br\/2019\/wp-json\/wp\/v2\/posts\/67250\/revisions\/67252"}],"wp:featuredmedia":[{"embeddable":true,"href":"https:\/\/jorgezanoni.com.br\/2019\/wp-json\/wp\/v2\/media\/67251"}],"wp:attachment":[{"href":"https:\/\/jorgezanoni.com.br\/2019\/wp-json\/wp\/v2\/media?parent=67250"}],"wp:term":[{"taxonomy":"category","embeddable":true,"href":"https:\/\/jorgezanoni.com.br\/2019\/wp-json\/wp\/v2\/categories?post=67250"},{"taxonomy":"post_tag","embeddable":true,"href":"https:\/\/jorgezanoni.com.br\/2019\/wp-json\/wp\/v2\/tags?post=67250"}],"curies":[{"name":"wp","href":"https:\/\/api.w.org\/{rel}","templated":true}]}}