{"id":67213,"date":"2022-08-04T16:35:51","date_gmt":"2022-08-04T16:35:51","guid":{"rendered":"https:\/\/jorgezanoni.com.br\/2019\/?p=67213"},"modified":"2022-08-04T16:35:51","modified_gmt":"2022-08-04T16:35:51","slug":"big-mart-centro-de-compras-apresenta-projeto-do-grande-empreendimento-que-sera-construido-em-dracena","status":"publish","type":"post","link":"https:\/\/jorgezanoni.com.br\/2019\/big-mart-centro-de-compras-apresenta-projeto-do-grande-empreendimento-que-sera-construido-em-dracena\/","title":{"rendered":"BIG MART\u2013CENTRO DE COMPRAS apresenta projeto do grande empreendimento que ser\u00e1 constru\u00eddo em Dracena"},"content":{"rendered":"<div class=\"ntc_resumo_noticia sw_lato_bold\" style=\"text-align: justify;\"><strong>A loja contar\u00e1 com 350 colaboradores diretos e indiretos; segundo o propriet\u00e1rio previs\u00e3o de inaugura\u00e7\u00e3o \u00e9 para o primeiro semestre do ano que vem.<\/strong><\/div>\n<div><\/div>\n<div class=\"ntc_descricao_noticia\">\n<div class=\"ntc_cont_descricao_noticia sw_txteditor\">\n<p style=\"text-align: justify;\"><strong>Uma not\u00edcia bastante aguardada no munic\u00edpio de Dracena foi anunciada ontem, 3\/08, pelo prefeito Andr\u00e9 Lemos, no gabinete municipal. O propriet\u00e1rio da rede Big Mart &#8211; Centro de Compras Ltda. -, Marco Ant\u00f4nio Rasquel apresentou junto a sua equipe, o projeto do grande empreendimento que ser\u00e1 constru\u00eddo em Dracena.\u00a0<\/strong><\/p>\n<blockquote>\n<p style=\"text-align: justify;\"><strong>O Big Mart ser\u00e1 constru\u00eddo no cruzamento das Avenidas Inglaterra com a dos Mangueirais, sentido ao novo bairro \u2013 o Aroeiras.\u00a0<\/strong>O local \u00e9 de grande visibilidade tanto para quem entra quanto para quem sai da cidade, para ingressar na Rodovia Comandante Jo\u00e3o Ribeiro de Barros. Fica no bairro Campo Belo, pr\u00f3ximo aos bairros S\u00e3o Crist\u00f3v\u00e3o; Frei Moacir III e Jardim das Palmeiras.<\/p>\n<blockquote>\n<ul>\n<li style=\"text-align: justify;\"><strong>Rasquel comentou que agora o Big Mart j\u00e1 pode ser considerado uma realidade para Dracena. \u201cEstamos com o projeto pronto, ser\u00e1 uma loja de 11 mil metros quadrados de constru\u00e7\u00e3o, com 223 vagas de estacionamento. Vamos necessitar de 350 colaboradores diretos e indiretos. Sempre tive vontade de vir investir no munic\u00edpio e agora chegou a hora\u201d.<\/strong><\/li>\n<\/ul>\n<\/blockquote>\n<p style=\"text-align: justify;\">A loja oferecer\u00e1 mais de 10 mil itens em produtos. No mesmo local haver\u00e1 lojas de apoio trazendo maior conforto e agilidade aos consumidores. Tamb\u00e9m em anexo \u00e0\u00a0loja, haver\u00e1 um centro automotivo, com produtos e acess\u00f3rios, al\u00e9m de pneus e troca de \u00f3leo para ve\u00edculos e abastecimento com combust\u00edveis, no Posto Big Express.<\/p>\n<p style=\"text-align: justify;\">Este ser\u00e1 considerado o novo ponto comercial da cidade de Dracena. O propriet\u00e1rio Rasquel informou que a previs\u00e3o de inaugura\u00e7\u00e3o da loja \u00e9 para o primeiro semestre do ano que vem.<\/p>\n<blockquote><p><strong>O prefeito Andr\u00e9 parabenizou o empres\u00e1rio Rasquel e os integrantes da equipe, pelo projeto, desejou sucesso; tamb\u00e9m ressaltou que a administra\u00e7\u00e3o municipal est\u00e1 de portas abertas para receber novos empreendimentos no munic\u00edpio, assim como as demais empres\u00e1rios locais.\u00a0<\/strong><\/p><\/blockquote>\n<p style=\"text-align: justify;\"><strong>Confira\u00a0o v\u00eddeo da visita do empres\u00e1rio Marco Rasquel e equipe ao prefeito Andr\u00e9 Lemos:\u00a0\u00a0<\/strong><a href=\"https:\/\/www.dracena.sp.gov.br\/portal\/0\/galeria-de-videos\/20\/big-mart-apresenta-projeto-do-centro-de-compras-para-dracena\/\">Prefeitura de Dracena \/ SP &#8211; Galeria de V\u00eddeos<\/a><\/p>\n<p><img loading=\"lazy\" decoding=\"async\" class=\"alignnone size-full wp-image-67215\" src=\"https:\/\/jorgezanoni.com.br\/2019\/wp-content\/uploads\/2022\/08\/big1.jpg\" alt=\"\" width=\"500\" height=\"193\" srcset=\"https:\/\/jorgezanoni.com.br\/2019\/wp-content\/uploads\/2022\/08\/big1.jpg 500w, https:\/\/jorgezanoni.com.br\/2019\/wp-content\/uploads\/2022\/08\/big1-300x116.jpg 300w\" sizes=\"auto, (max-width: 500px) 100vw, 500px\" \/> <img loading=\"lazy\" decoding=\"async\" class=\"alignnone size-full wp-image-67216\" src=\"https:\/\/jorgezanoni.com.br\/2019\/wp-content\/uploads\/2022\/08\/big2.jpg\" alt=\"\" width=\"500\" height=\"230\" srcset=\"https:\/\/jorgezanoni.com.br\/2019\/wp-content\/uploads\/2022\/08\/big2.jpg 500w, https:\/\/jorgezanoni.com.br\/2019\/wp-content\/uploads\/2022\/08\/big2-300x138.jpg 300w\" sizes=\"auto, (max-width: 500px) 100vw, 500px\" \/> <img loading=\"lazy\" decoding=\"async\" class=\"alignnone size-full wp-image-67217\" src=\"https:\/\/jorgezanoni.com.br\/2019\/wp-content\/uploads\/2022\/08\/big3.jpg\" alt=\"\" width=\"500\" height=\"375\" srcset=\"https:\/\/jorgezanoni.com.br\/2019\/wp-content\/uploads\/2022\/08\/big3.jpg 500w, https:\/\/jorgezanoni.com.br\/2019\/wp-content\/uploads\/2022\/08\/big3-300x225.jpg 300w, https:\/\/jorgezanoni.com.br\/2019\/wp-content\/uploads\/2022\/08\/big3-80x60.jpg 80w, https:\/\/jorgezanoni.com.br\/2019\/wp-content\/uploads\/2022\/08\/big3-265x198.jpg 265w\" sizes=\"auto, (max-width: 500px) 100vw, 500px\" \/> <img loading=\"lazy\" decoding=\"async\" class=\"alignnone size-full wp-image-67218\" src=\"https:\/\/jorgezanoni.com.br\/2019\/wp-content\/uploads\/2022\/08\/big4.jpg\" alt=\"\" width=\"500\" height=\"360\" srcset=\"https:\/\/jorgezanoni.com.br\/2019\/wp-content\/uploads\/2022\/08\/big4.jpg 500w, https:\/\/jorgezanoni.com.br\/2019\/wp-content\/uploads\/2022\/08\/big4-300x216.jpg 300w\" sizes=\"auto, (max-width: 500px) 100vw, 500px\" \/><\/p>\n<p>Fonte: Diretoria de Comunica\u00e7\u00e3o.<\/p>\n<p>&nbsp;<\/p><\/blockquote>\n<\/div>\n<\/div>\n","protected":false},"excerpt":{"rendered":"<p>A loja contar\u00e1 com 350 colaboradores diretos e indiretos; segundo o propriet\u00e1rio previs\u00e3o de inaugura\u00e7\u00e3o \u00e9 para o primeiro semestre do ano que vem. Uma not\u00edcia bastante aguardada no munic\u00edpio de Dracena foi anunciada ontem, 3\/08, pelo prefeito Andr\u00e9 Lemos, no gabinete municipal. O propriet\u00e1rio da rede Big Mart &#8211; Centro de Compras Ltda. -, [&hellip;]<\/p>\n","protected":false},"author":1,"featured_media":67214,"comment_status":"closed","ping_status":"open","sticky":false,"template":"","format":"standard","meta":{"footnotes":""},"categories":[179,184,114,110],"tags":[],"class_list":["post-67213","post","type-post","status-publish","format-standard","has-post-thumbnail","hentry","category-cidadeseregiao","category-dracena","category-geralecomercio","category-noticiasdestaque"],"_links":{"self":[{"href":"https:\/\/jorgezanoni.com.br\/2019\/wp-json\/wp\/v2\/posts\/67213","targetHints":{"allow":["GET"]}}],"collection":[{"href":"https:\/\/jorgezanoni.com.br\/2019\/wp-json\/wp\/v2\/posts"}],"about":[{"href":"https:\/\/jorgezanoni.com.br\/2019\/wp-json\/wp\/v2\/types\/post"}],"author":[{"embeddable":true,"href":"https:\/\/jorgezanoni.com.br\/2019\/wp-json\/wp\/v2\/users\/1"}],"replies":[{"embeddable":true,"href":"https:\/\/jorgezanoni.com.br\/2019\/wp-json\/wp\/v2\/comments?post=67213"}],"version-history":[{"count":1,"href":"https:\/\/jorgezanoni.com.br\/2019\/wp-json\/wp\/v2\/posts\/67213\/revisions"}],"predecessor-version":[{"id":67220,"href":"https:\/\/jorgezanoni.com.br\/2019\/wp-json\/wp\/v2\/posts\/67213\/revisions\/67220"}],"wp:featuredmedia":[{"embeddable":true,"href":"https:\/\/jorgezanoni.com.br\/2019\/wp-json\/wp\/v2\/media\/67214"}],"wp:attachment":[{"href":"https:\/\/jorgezanoni.com.br\/2019\/wp-json\/wp\/v2\/media?parent=67213"}],"wp:term":[{"taxonomy":"category","embeddable":true,"href":"https:\/\/jorgezanoni.com.br\/2019\/wp-json\/wp\/v2\/categories?post=67213"},{"taxonomy":"post_tag","embeddable":true,"href":"https:\/\/jorgezanoni.com.br\/2019\/wp-json\/wp\/v2\/tags?post=67213"}],"curies":[{"name":"wp","href":"https:\/\/api.w.org\/{rel}","templated":true}]}}