{"id":67164,"date":"2022-08-02T23:03:23","date_gmt":"2022-08-02T23:03:23","guid":{"rendered":"https:\/\/jorgezanoni.com.br\/2019\/?p=67164"},"modified":"2022-08-02T23:03:23","modified_gmt":"2022-08-02T23:03:23","slug":"pais-do-faz-de-conta-no-contexto-plural-das-terras-de-benvira-por-sergio-barbosa","status":"publish","type":"post","link":"https:\/\/jorgezanoni.com.br\/2019\/pais-do-faz-de-conta-no-contexto-plural-das-terras-de-benvira-por-sergio-barbosa\/","title":{"rendered":"\u201cPa\u00eds do faz de conta\u201d no contexto plural \u00a0&#8220;Das terras de Benvir\u00e1&#8230;&#8221; (por S\u00e9rgio Barbosa)"},"content":{"rendered":"<p style=\"text-align: justify;\"><em>&#8220;Eu tamb\u00e9m sei governar, Madeira de dar em doido, Vai descer at\u00e9 quebrar, \u00c9 a volta do cip\u00f3 de aroeira, No lombo de quem mandou dar, \u00c9 a volta do cip\u00f3 de aroeira, No lombo de quem mandou dar.&#8221; (Geraldo Vandr\u00e9 in &#8220;Aroeira&#8221;)<\/em><\/p>\n<p style=\"text-align: justify;\"><strong><em>S\u00e9rgio Barbosa (*)<\/em><\/strong><\/p>\n<p style=\"text-align: justify;\">Entre as centenas e centenas de poetas da denominada MPB &#8211; M\u00fasica popular Brasileira, cada pessoa tem os seus preferidos, tamb\u00e9m, pode ser, preferidas, tendo em vista o outro lado deste mesmo lado musical&#8230;<\/p>\n<p style=\"text-align: justify;\">Mas, neste caso em especial, ou seja, deste autor, deve-se render todas as homenagens ao poeta que se perdeu no tempo do seu tempo, Geraldo Vandr\u00e9, autor de diversos cl\u00e1ssicos cantados em verso e prosa nos antigos Festivais da TV Record na d\u00e9cada de 60&#8230;<\/p>\n<p style=\"text-align: justify;\">Podem-se destacar, por exemplo, &#8220;Pr\u00e1 n\u00e3o dizer que n\u00e3o falei das flores&#8221;, tamb\u00e9m, conhecida como &#8220;Caminhando&#8221;, al\u00e9m de outro cl\u00e1ssico, &#8220;Aroeira&#8221; e assim por diante&#8230;<\/p>\n<p style=\"text-align: justify;\">Ainda, na d\u00e9cada de 80, talvez, no ano de 1.982, Vandr\u00e9, resolveu apresentar um show musical no pa\u00eds vizinho, Paraguai, com o t\u00edtulo: &#8220;Das Terras de Benvir\u00e1&#8221;, acredito, tamb\u00e9m, que s\u00f3 mesmo o poeta em pauta, poderia explicar a proposta do evento, considerando as muitas faces do artista que deixou a sua marca mais do que registrada nas estradas da MPB&#8230;<\/p>\n<p style=\"text-align: justify;\">Mas, voltando ao lugar comum de sempre, neste caso de uma mesma pauta, o cen\u00e1rio provinciano, pode-se fazer, ou melhor, tentar arrumar uma ponte entre as &#8220;Terras de Benvir\u00e1&#8221; de Geraldo Vandr\u00e9 com outro peda\u00e7o de terra, neste caso, &#8220;Terras dos\/as Aloprados\/as&#8221;, entretanto, respeitando as devidas propor\u00e7\u00f5es nestes dois casos entre os muitos ocasos, tendo em vista que a turma dos\/as aloprados\/as est\u00e3o no poder p\u00fablico&#8230;<\/p>\n<p style=\"text-align: justify;\">Tamb\u00e9m, pode-se fazer outra ponte, se bem que, &#8220;todo cuidado \u00e9 pouco&#8221;, pois, a ponte pode desabar pela incompet\u00eancia dos\/as aloprados\/as, mesmo assim, afirmou o pensador do outro tempo, a saber: &#8220;s\u00f3 sei que nada sei&#8221;&#8230;<\/p>\n<p style=\"text-align: justify;\">Todavia, existem outras frases que podem mediar este ou aquele lado do poder com o poder pelo poder, mesmo assim, essa turma &#8220;pensa que \u00e9 o que n\u00e3o pode ser&#8221; neste cen\u00e1rio mais do que provinciano neste \u201cPa\u00eds do faz de conta\u201d, ainda, \u00a0aproveitando mais essa ponte, afirmou outro poeta: &#8220;os c\u00e3es ladram, mas a caravana passa&#8221;&#8230;<\/p>\n<p style=\"text-align: justify;\">Portanto, que a turma do outro lado do poder possa estar em sintonia com as mudan\u00e7as que chegam sem mais e sem menos na Prov\u00edncia, por\u00e9m, acredito que os mesmos n\u00e3o sabem e dimens\u00e3o disto ou daquilo&#8230;<\/p>\n<p style=\"text-align: justify;\">Al\u00e9m do mais ou de menos, pode-se afirmar que &#8220;quem viver, poder\u00e1 ver&#8221; o que pode ocorrer, tamb\u00e9m, depois da realiza\u00e7\u00e3o das tais manifesta\u00e7\u00f5es do pr\u00f3ximo dia 7 de setembro em terras tupiniquins e ponto quase final&#8230;<\/p>\n<p style=\"text-align: justify;\">Mas, como diz o outro dito popular, &#8220;o mar n\u00e3o est\u00e1 pra peixe&#8221;, entretanto, tudo pode rolar ou ralar neste cen\u00e1rio \u201capocal\u00edptico\u201d em tempo de desgoverno do tal Coiso com seus coisos&#8230;<\/p>\n<p style=\"text-align: justify;\">\u00ad\u00ad\u00ad\u00ad\u00ad\u00ad\u00ad\u00ad\u00ad\u00ad\u00ad\u00ad\u00ad\u00ad\u00ad\u00ad\u00ad\u00ad\u00ad\u00ad\u00ad\u00ad\u00ad<em>________________________________<\/em><\/p>\n<p style=\"text-align: justify;\"><em>(*) jornalista diplomado e professor universit\u00e1rio.<\/em><\/p>\n<p style=\"text-align: justify;\"><em>e-mail: <\/em><a href=\"mailto:barbosa.sebar@gmail.com\"><em>barbosa.sebar@gmail.com<\/em><\/a><\/p>\n<p><em>\u00a0<\/em><\/p>\n<p>&nbsp;<\/p>\n<p>&nbsp;<\/p>\n<p>&nbsp;<\/p>\n<p>&nbsp;<\/p>\n<p>&nbsp;<\/p>\n","protected":false},"excerpt":{"rendered":"<p>&#8220;Eu tamb\u00e9m sei governar, Madeira de dar em doido, Vai descer at\u00e9 quebrar, \u00c9 a volta do cip\u00f3 de aroeira, No lombo de quem mandou dar, \u00c9 a volta do cip\u00f3 de aroeira, No lombo de quem mandou dar.&#8221; (Geraldo Vandr\u00e9 in &#8220;Aroeira&#8221;) S\u00e9rgio Barbosa (*) Entre as centenas e centenas de poetas da denominada [&hellip;]<\/p>\n","protected":false},"author":1,"featured_media":67165,"comment_status":"closed","ping_status":"open","sticky":false,"template":"","format":"standard","meta":{"footnotes":""},"categories":[175],"tags":[],"class_list":["post-67164","post","type-post","status-publish","format-standard","has-post-thumbnail","hentry","category-artigos"],"_links":{"self":[{"href":"https:\/\/jorgezanoni.com.br\/2019\/wp-json\/wp\/v2\/posts\/67164","targetHints":{"allow":["GET"]}}],"collection":[{"href":"https:\/\/jorgezanoni.com.br\/2019\/wp-json\/wp\/v2\/posts"}],"about":[{"href":"https:\/\/jorgezanoni.com.br\/2019\/wp-json\/wp\/v2\/types\/post"}],"author":[{"embeddable":true,"href":"https:\/\/jorgezanoni.com.br\/2019\/wp-json\/wp\/v2\/users\/1"}],"replies":[{"embeddable":true,"href":"https:\/\/jorgezanoni.com.br\/2019\/wp-json\/wp\/v2\/comments?post=67164"}],"version-history":[{"count":1,"href":"https:\/\/jorgezanoni.com.br\/2019\/wp-json\/wp\/v2\/posts\/67164\/revisions"}],"predecessor-version":[{"id":67166,"href":"https:\/\/jorgezanoni.com.br\/2019\/wp-json\/wp\/v2\/posts\/67164\/revisions\/67166"}],"wp:featuredmedia":[{"embeddable":true,"href":"https:\/\/jorgezanoni.com.br\/2019\/wp-json\/wp\/v2\/media\/67165"}],"wp:attachment":[{"href":"https:\/\/jorgezanoni.com.br\/2019\/wp-json\/wp\/v2\/media?parent=67164"}],"wp:term":[{"taxonomy":"category","embeddable":true,"href":"https:\/\/jorgezanoni.com.br\/2019\/wp-json\/wp\/v2\/categories?post=67164"},{"taxonomy":"post_tag","embeddable":true,"href":"https:\/\/jorgezanoni.com.br\/2019\/wp-json\/wp\/v2\/tags?post=67164"}],"curies":[{"name":"wp","href":"https:\/\/api.w.org\/{rel}","templated":true}]}}