{"id":67158,"date":"2022-08-02T18:11:37","date_gmt":"2022-08-02T18:11:37","guid":{"rendered":"https:\/\/jorgezanoni.com.br\/2019\/?p=67158"},"modified":"2022-08-02T18:11:37","modified_gmt":"2022-08-02T18:11:37","slug":"policia-militar-localiza-veiculo-furtado-em-panorama","status":"publish","type":"post","link":"https:\/\/jorgezanoni.com.br\/2019\/policia-militar-localiza-veiculo-furtado-em-panorama\/","title":{"rendered":"Pol\u00edcia Militar localiza ve\u00edculo furtado em Panorama"},"content":{"rendered":"<p style=\"text-align: justify;\"><strong>POL\u00cdCIA MILITAR LOCALIZA VE\u00cdCULO PRODUTO DE FURTO NO MUNIC\u00cdPIO DE PANORAMA.<\/strong><\/p>\n<p style=\"text-align: justify;\">Na madrugada de ontem, 01, foi furtado no munic\u00edpio de Panorama\/SP um ve\u00edculo Fiat Strada 2005 de cor branca. Os policiais militares em posse das informa\u00e7\u00f5es referente ao ve\u00edculo, realizaram patrulhamento com vistas, logrando em localiza-lo estacionado ao lado da Rodovi\u00e1ria Municipal com a chave no contato. Ap\u00f3s o comparecimento da per\u00edcia, o ve\u00edculo foi devolvido \u00e0 v\u00edtima.<\/p>\n<p>Fonte: Com. Social Pol\u00edcia Militar<\/p>\n","protected":false},"excerpt":{"rendered":"<p>POL\u00cdCIA MILITAR LOCALIZA VE\u00cdCULO PRODUTO DE FURTO NO MUNIC\u00cdPIO DE PANORAMA. Na madrugada de ontem, 01, foi furtado no munic\u00edpio de Panorama\/SP um ve\u00edculo Fiat Strada 2005 de cor branca. Os policiais militares em posse das informa\u00e7\u00f5es referente ao ve\u00edculo, realizaram patrulhamento com vistas, logrando em localiza-lo estacionado ao lado da Rodovi\u00e1ria Municipal com a [&hellip;]<\/p>\n","protected":false},"author":1,"featured_media":67159,"comment_status":"closed","ping_status":"open","sticky":false,"template":"","format":"standard","meta":{"footnotes":""},"categories":[110,2],"tags":[],"class_list":["post-67158","post","type-post","status-publish","format-standard","has-post-thumbnail","hentry","category-noticiasdestaque","category-policial"],"_links":{"self":[{"href":"https:\/\/jorgezanoni.com.br\/2019\/wp-json\/wp\/v2\/posts\/67158","targetHints":{"allow":["GET"]}}],"collection":[{"href":"https:\/\/jorgezanoni.com.br\/2019\/wp-json\/wp\/v2\/posts"}],"about":[{"href":"https:\/\/jorgezanoni.com.br\/2019\/wp-json\/wp\/v2\/types\/post"}],"author":[{"embeddable":true,"href":"https:\/\/jorgezanoni.com.br\/2019\/wp-json\/wp\/v2\/users\/1"}],"replies":[{"embeddable":true,"href":"https:\/\/jorgezanoni.com.br\/2019\/wp-json\/wp\/v2\/comments?post=67158"}],"version-history":[{"count":1,"href":"https:\/\/jorgezanoni.com.br\/2019\/wp-json\/wp\/v2\/posts\/67158\/revisions"}],"predecessor-version":[{"id":67160,"href":"https:\/\/jorgezanoni.com.br\/2019\/wp-json\/wp\/v2\/posts\/67158\/revisions\/67160"}],"wp:featuredmedia":[{"embeddable":true,"href":"https:\/\/jorgezanoni.com.br\/2019\/wp-json\/wp\/v2\/media\/67159"}],"wp:attachment":[{"href":"https:\/\/jorgezanoni.com.br\/2019\/wp-json\/wp\/v2\/media?parent=67158"}],"wp:term":[{"taxonomy":"category","embeddable":true,"href":"https:\/\/jorgezanoni.com.br\/2019\/wp-json\/wp\/v2\/categories?post=67158"},{"taxonomy":"post_tag","embeddable":true,"href":"https:\/\/jorgezanoni.com.br\/2019\/wp-json\/wp\/v2\/tags?post=67158"}],"curies":[{"name":"wp","href":"https:\/\/api.w.org\/{rel}","templated":true}]}}