{"id":67150,"date":"2022-08-02T16:42:35","date_gmt":"2022-08-02T16:42:35","guid":{"rendered":"https:\/\/jorgezanoni.com.br\/2019\/?p=67150"},"modified":"2022-08-02T16:42:35","modified_gmt":"2022-08-02T16:42:35","slug":"centro-academico-de-dracena-realizara-o-iii-congresso-de-medicina-camed","status":"publish","type":"post","link":"https:\/\/jorgezanoni.com.br\/2019\/centro-academico-de-dracena-realizara-o-iii-congresso-de-medicina-camed\/","title":{"rendered":"Centro Acad\u00eamico de Dracena realizar\u00e1 o III Congresso de Medicina &#8211; CAMED"},"content":{"rendered":"<p style=\"text-align: justify;\"><span style=\"font-size: large;\">Nos dias 3 a 5 de agosto, das 18h \u00e0s 22h, ser\u00e1 realizado o III Congresso Acad\u00eamico de Medicina de Dracena (CAMED), organizado pelo Centro Acad\u00eamico &#8220;Maria Bras\u00edlia Leme Lopes&#8221; (CAMBRA), em parceria com a Unifadra. O evento reunir\u00e1 palestrantes, profissionais, docentes e acad\u00eamicos, abordando diversos assuntos relacionados \u00e0 sa\u00fade e ao bem-estar. As atividades ser\u00e3o realizadas no Audit\u00f3rio &#8220;Prof. Geraldo Mariano Alves&#8221;, da Fundec (mantenedora da Unifadra).<\/span><\/p>\n<p><span style=\"font-size: large;\">Ap\u00f3s a abertura do evento, ser\u00e1 realizada uma homenagem \u00e0 Dra. Sandra Maria Braz Sola Deponte. &#8220;Este ano escolhemos uma profissional que realmente vivencia a medicina humanizada, n\u00e3o s\u00f3 por toda a sua bagagem profissional, mas tamb\u00e9m pelo exemplo de mulher que \u00e9. Uma profissional que al\u00e9m de pediatra, tamb\u00e9m \u00e9 legista. Uma professora que auxilia os alunos no que for preciso, dando o exemplo, ensinando como uma m\u00e3e&#8221;, sinaliza Isabela Gon\u00e7alves, presidente do Centro Acad\u00eamico de Medicina de Dracena (CAMBRA).<\/span><\/p>\n<p><span style=\"font-size: large;\">Em seguida, Jos\u00e9 Augusto Camuci Junior, profissional de Educa\u00e7\u00e3o F\u00edsica, po\u0301s-graduado em base cient\u00edfica do treinamento esportivo, a Dra. Aline Damasceno de Avance, especialista em cirurgia geral e cli\u0301nica me\u0301dica, po\u0301s-graduada em nutrologia, e o Dr. Alessandro Ferrari Jacinto, geriatra e geront\u00f3logo, doutor em neurologia e em psiquiatria, participam de uma mesa redonda para falar sobre o tema &#8220;Medicina esportiva, nutrologia e longevidade&#8221;.<\/span><\/p>\n<p><span style=\"font-size: large;\">Para o dia 04\/08 est\u00e3o programadas quatro palestras com especialistas: Dra. Dayane Ara\u00fajo Luzia (pneumologista), Dr. Andr\u00e9 Camara (endocrinologista), Dr. Renato Mazzaro Ferrari (intensivista) e Dr. T\u00e1cito Sartori Bosco (oftalmologista).<\/span><\/p>\n<p><span style=\"font-size: large;\">Finalizando o evento, ser\u00e3o realizadas no dia 05\/08 as apresenta\u00e7\u00f5es dos trabalhos inscritos no III CAMED. Nesta edi\u00e7\u00e3o, foram selecionados para apresenta\u00e7\u00e3o oral:<\/span><br \/>\n<span style=\"font-size: large;\">&#8211; Si\u0301filis na gestante: um panorama epidemiolo\u0301gico na regia\u0303o sudeste entre 2010 e 2020 (Ta\u00eds Cristina Polidoro e Giovana da Silva Cance);<\/span><br \/>\n<span style=\"font-size: large;\">&#8211; Hemoglobinopatia SC: uma variante da doenc\u0327a falciforme, relato de caso (Let\u00edcia Caroline Pattini Gaviolli);<\/span><br \/>\n<span style=\"font-size: large;\">&#8211; Diabetes mellitus tipo II po\u0301s-COVID-19: revisa\u0303o integrativa da literatura (Felipe dos Santos Carvalho);<\/span><br \/>\n<span style=\"font-size: large;\">&#8211; Programa Parkinson: 4 anos de uma experie\u0302ncia exitosa (Leonardo Medeiro Oliveira e Ana Beatriz Silva Mendon\u00e7a) e<\/span><br \/>\n<span style=\"font-size: large;\">&#8211; Herpes zoster simulando infarto do mioca\u0301rdio: um relato de experie\u0302ncia (Raoan Silva do Nascimento, Caroline Scalabrini Bianchi, Larissa Galli, Let\u00edcia Pedroche Ferrari e Gabriela Garcia).<\/span><\/p>\n<p><span style=\"font-size: large;\">Os organizadores tamb\u00e9m relembram que a primeira edi\u00e7\u00e3o do CAMED fez uma homenagem p\u00f3stuma ao m\u00e9dico, cirurgi\u00e3o geral e docente Haroldo Deponte, que atuou em Dracena e regi\u00e3o por muitos anos e faleceu em 2019. Desde ent\u00e3o, o evento promove uma premia\u00e7\u00e3o de men\u00e7\u00e3o honrosa ao melhor trabalho cient\u00edfico do ano, levando o nome do m\u00e9dico.<\/span><\/p>\n<p><span style=\"font-size: large;\">A presidente Isabela ainda comenta que &#8220;o objetivo do CAMED \u00e9 circular o conhecimento&#8221; e destaca que &#8220;o evento deste ano tamb\u00e9m vai apresentar em formato de p\u00f4ster outros trabalhos inscritos, trazendo informa\u00e7\u00f5es que est\u00e3o sendo pesquisadas pelos acad\u00eamicos&#8221;.<\/span><\/p>\n<p><span style=\"font-size: large;\">Os p\u00f4steres s\u00e3o:<\/span><br \/>\n<span style=\"font-size: large;\">&#8211; Prontua\u0301rio eletro\u0302nico: a transformac\u0327a\u0303o da cie\u0302ncia na integrac\u0327a\u0303o de dados do paciente (Augusto Cesar Montroni Bezerra, Ana Paula Takayama Claudino, Fl\u00e1via Farias, Raoan Silva do Nascimento, \u00c9rika Pires Canela da Silva e F\u00e1bio Gomes da Silva);<\/span><br \/>\n<span style=\"font-size: large;\">&#8211; A utiliza\u00e7\u00e3o e import\u00e2ncia dos sistemas de informa\u00e7\u00e3o em sa\u00fade na epidemiologia da dengue no Brasil (Ana Paula Takayama Claudino, Diego Coiado Amaral, Lucas Pen\u00e7o Luizari, Juliano Norihiro Fudo, Augusto Cesar Montroni Bezerra e Aline Silva Ramos);<\/span><br \/>\n<span style=\"font-size: large;\">&#8211; Alergia a\u0300 protei\u0301na do leite de vaca no pu\u0301blico pedia\u0301trico (Luanna Prado Bravo, Gabriela Garcia Bosso, Danielly Vieira Bortoletto e Let\u00edcia Pedroche Ferrari);<\/span><br \/>\n<span style=\"font-size: large;\">&#8211; Estimulac\u0327a\u0303o cerebral profunda como tratamento do Parkinson (Natacha Marques, Maria Alice Prado, Isadora Roberta Belentani e Andr\u00e9 Vinicius Delib\u00f3rio);<\/span><br \/>\n<span style=\"font-size: large;\">&#8211; Bacte\u0301rias multirresistentes isoladas do ambiente de leito de Unidade de Terapia Intensiva (Raphaella Rotilli Remonato, Amanda Jana Lopes, Bruno Romaquela Rodrigues, Uerle Oliveira Alves e Jennifer Ziviani de Faveri);<\/span><br \/>\n<span style=\"font-size: large;\">&#8211; Aplicac\u0327o\u0303es da farmacogene\u0301tica e farmagoneno\u0302mica na medicina personalizada (Ana Paula Saita, Jefferson Fernando Firmino Gomes, Ana Cl\u00e9ria Yasui, Laura Santana Guimar\u00e3es Camero e Gustavo Cotrim);<\/span><br \/>\n<span style=\"font-size: large;\">&#8211; A teleinterconsulta entre m\u00e9dicos na telemedicina como recurso auxiliar no atendimento prestado ao paciente na aten\u00e7\u00e3o prim\u00e1ria (Ana Claudia Dela Cruz, Isabella Cavallo, Izadora Pesquero Perelli, Fernanda Silveira Vieira e Maria Luiza Martins);<\/span><br \/>\n<span style=\"font-size: large;\">&#8211; Eviscerac\u0327a\u0303o e encarceiramento intestinal: relato de caso (Beatriz Barros Gutierre; Clara Ferrari Pedro e Gabriela Oliveira Candido);<\/span><br \/>\n<span style=\"font-size: large;\">&#8211; Manobra de Sellick: uma revisa\u0303o narrativa (Jo\u00e3o Gabriel Bertozzi, Matheus Capalbo Batista e Jos\u00e9 Sadao Koshiyama) e<\/span><br \/>\n<span style=\"font-size: large;\">&#8211; Relato de caso Agosto Laranja: me\u0302s de conscientizac\u0327a\u0303o sobre a esclerose mu\u0301ltipla (Marcel Sebasti\u00e3o J\u00fanior e Pedro Henrique Santana Mazzarin).<\/span><\/p>\n<p><span style=\"font-size: large;\">O diretor acad\u00eamico da Unifadra Prof. Dr. Enio Garbelini destacou que o evento \u00e9 muito importante para a dissemina\u00e7\u00e3o do conhecimento na \u00e1rea m\u00e9dica, com a participa\u00e7\u00e3o de profissionais de renome dentro de suas especialidades.<\/span><\/p>\n<p><span style=\"font-size: large;\">O III CAMED ser\u00e1 presidido pelo docente Prof. Dr. Caio Ferreira de Oliveira, biom\u00e9dico, mestre e doutor em microbiologia, e pela discente Isabela Gon\u00e7alves, acad\u00eamica do 6\u00b0 termo de Medicina da Unifadra Dracena.<\/span><\/p>\n<p><span style=\"font-size: large;\">Mais informa\u00e7\u00f5es: @cambradracena \/\u00a0<a href=\"mailto:cameddracena@gmail.com\" rel=\"noreferrer\">cameddracena@gmail.com<\/a><\/span><\/p>\n<p>Fonte: Depto. de Comunica\u00e7\u00e3o Fundec<\/p>\n","protected":false},"excerpt":{"rendered":"<p>Nos dias 3 a 5 de agosto, das 18h \u00e0s 22h, ser\u00e1 realizado o III Congresso Acad\u00eamico de Medicina de Dracena (CAMED), organizado pelo Centro Acad\u00eamico &#8220;Maria Bras\u00edlia Leme Lopes&#8221; (CAMBRA), em parceria com a Unifadra. O evento reunir\u00e1 palestrantes, profissionais, docentes e acad\u00eamicos, abordando diversos assuntos relacionados \u00e0 sa\u00fade e ao bem-estar. As atividades [&hellip;]<\/p>\n","protected":false},"author":1,"featured_media":67151,"comment_status":"closed","ping_status":"open","sticky":false,"template":"","format":"standard","meta":{"footnotes":""},"categories":[110,122],"tags":[],"class_list":["post-67150","post","type-post","status-publish","format-standard","has-post-thumbnail","hentry","category-noticiasdestaque","category-saudeeducacaoeconcurso"],"_links":{"self":[{"href":"https:\/\/jorgezanoni.com.br\/2019\/wp-json\/wp\/v2\/posts\/67150","targetHints":{"allow":["GET"]}}],"collection":[{"href":"https:\/\/jorgezanoni.com.br\/2019\/wp-json\/wp\/v2\/posts"}],"about":[{"href":"https:\/\/jorgezanoni.com.br\/2019\/wp-json\/wp\/v2\/types\/post"}],"author":[{"embeddable":true,"href":"https:\/\/jorgezanoni.com.br\/2019\/wp-json\/wp\/v2\/users\/1"}],"replies":[{"embeddable":true,"href":"https:\/\/jorgezanoni.com.br\/2019\/wp-json\/wp\/v2\/comments?post=67150"}],"version-history":[{"count":1,"href":"https:\/\/jorgezanoni.com.br\/2019\/wp-json\/wp\/v2\/posts\/67150\/revisions"}],"predecessor-version":[{"id":67152,"href":"https:\/\/jorgezanoni.com.br\/2019\/wp-json\/wp\/v2\/posts\/67150\/revisions\/67152"}],"wp:featuredmedia":[{"embeddable":true,"href":"https:\/\/jorgezanoni.com.br\/2019\/wp-json\/wp\/v2\/media\/67151"}],"wp:attachment":[{"href":"https:\/\/jorgezanoni.com.br\/2019\/wp-json\/wp\/v2\/media?parent=67150"}],"wp:term":[{"taxonomy":"category","embeddable":true,"href":"https:\/\/jorgezanoni.com.br\/2019\/wp-json\/wp\/v2\/categories?post=67150"},{"taxonomy":"post_tag","embeddable":true,"href":"https:\/\/jorgezanoni.com.br\/2019\/wp-json\/wp\/v2\/tags?post=67150"}],"curies":[{"name":"wp","href":"https:\/\/api.w.org\/{rel}","templated":true}]}}