{"id":67147,"date":"2022-08-02T16:24:33","date_gmt":"2022-08-02T16:24:33","guid":{"rendered":"https:\/\/jorgezanoni.com.br\/2019\/?p=67147"},"modified":"2022-08-02T16:24:33","modified_gmt":"2022-08-02T16:24:33","slug":"inscricoes-continuam-abertas-para-o-vestibular-de-inverno-da-unifadra-dracena-2","status":"publish","type":"post","link":"https:\/\/jorgezanoni.com.br\/2019\/inscricoes-continuam-abertas-para-o-vestibular-de-inverno-da-unifadra-dracena-2\/","title":{"rendered":"Inscri\u00e7\u00f5es continuam abertas para o Vestibular de Inverno da Unifadra Dracena"},"content":{"rendered":"<p style=\"text-align: justify;\"><span style=\"font-size: large;\">Quem perdeu o prazo do vestibular agora <\/span>ganhou<span style=\"font-size: large;\">\u00a0uma segunda chance de come\u00e7ar 2023 fazendo a gradua\u00e7\u00e3o! As inscri\u00e7\u00f5es do Vestibular de Inverno da Unifadra prosseguem at\u00e9 o dia 6 de setembro para os cursos noturnos de An\u00e1lise e Desenvolvimento de Sistemas, Artes Visuais, Ci\u00eancias Biol\u00f3gicas, Educa\u00e7\u00e3o F\u00edsica, Enfermagem, Letras, Matem\u00e1tica, Pedagogia e Psicologia. Confira o edital e fa\u00e7a sua inscri\u00e7\u00e3o pelo site\u00a0<a href=\"https:\/\/fundec.edu.br\/vestibular\" target=\"_blank\" rel=\"noopener noreferrer\">https:\/\/fundec.edu.br\/vestibular<\/a>\u00a0.<\/span><\/p>\n<p><span style=\"font-size: large;\">Al\u00e9m de escolher uma \u00e1rea para cursar, os candidatos devem optar por uma das tr\u00eas formas de ingresso que a Unifadra est\u00e1 oferecendo:<\/span><\/p>\n<p><span style=\"font-size: large;\">&#8211; usar a nota do ENEM de 2010 a 2020 (sem a necessidade de realizar uma prova);<\/span><br \/>\n<span style=\"font-size: large;\">&#8211; fazer o vestibular agendado presencial (agendar sua prova no site da Fundec e prestar o vestibular individualmente na institui\u00e7\u00e3o) ou<\/span><br \/>\n<span style=\"font-size: large;\">&#8211; realizar a prova on-line (em que os candidatos far\u00e3o uma reda\u00e7\u00e3o on-line, pelo site da Fundec, com data e hor\u00e1rio pr\u00e9-agendados).<\/span><\/p>\n<p><span style=\"font-size: large;\">Os candidatos aprovados que realizarem suas matr\u00edculas at\u00e9 16\/09\/2022 est\u00e3o isentos da taxa de matr\u00edcula inicial e recebem desconto de 25% nas mensalidades dos cursos (n\u00e3o cumulativos com outros programas de bolsas, com exce\u00e7\u00e3o do programa Indique um Amigo).<\/span><\/p>\n<p><b><span style=\"font-size: large;\">Vestibular Unifadra &#8211; Cursos Noturnos (reserva de vagas 2023)<\/span><br \/>\n<\/b><span style=\"font-size: large;\"><b>Inscri\u00e7\u00f5es<\/b>: at\u00e9 06\/09 (<a href=\"https:\/\/fundec.edu.br\/vestibular\" target=\"_blank\" rel=\"noopener noreferrer\">https:\/\/fundec.edu.br\/vestibular<\/a>)<\/span><br \/>\n<span style=\"font-size: large;\"><b>Matr\u00edculas<\/b>: at\u00e9 16\/09, com isen\u00e7\u00e3o da taxa de matr\u00edcula e 25% de desconto nas mensalidades<\/span><br \/>\n<span style=\"font-size: large;\"><b>Centro de Informa\u00e7\u00f5es<\/b>: (18) 3821-9004 | (18) 99802-1237 (Whatsapp)<\/span><\/p>\n<p>Fonte: Depto. de Comunica\u00e7\u00e3o da Fundec<\/p>\n","protected":false},"excerpt":{"rendered":"<p>Quem perdeu o prazo do vestibular agora ganhou\u00a0uma segunda chance de come\u00e7ar 2023 fazendo a gradua\u00e7\u00e3o! As inscri\u00e7\u00f5es do Vestibular de Inverno da Unifadra prosseguem at\u00e9 o dia 6 de setembro para os cursos noturnos de An\u00e1lise e Desenvolvimento de Sistemas, Artes Visuais, Ci\u00eancias Biol\u00f3gicas, Educa\u00e7\u00e3o F\u00edsica, Enfermagem, Letras, Matem\u00e1tica, Pedagogia e Psicologia. Confira o [&hellip;]<\/p>\n","protected":false},"author":1,"featured_media":67148,"comment_status":"closed","ping_status":"open","sticky":false,"template":"","format":"standard","meta":{"footnotes":""},"categories":[110,122],"tags":[],"class_list":["post-67147","post","type-post","status-publish","format-standard","has-post-thumbnail","hentry","category-noticiasdestaque","category-saudeeducacaoeconcurso"],"_links":{"self":[{"href":"https:\/\/jorgezanoni.com.br\/2019\/wp-json\/wp\/v2\/posts\/67147","targetHints":{"allow":["GET"]}}],"collection":[{"href":"https:\/\/jorgezanoni.com.br\/2019\/wp-json\/wp\/v2\/posts"}],"about":[{"href":"https:\/\/jorgezanoni.com.br\/2019\/wp-json\/wp\/v2\/types\/post"}],"author":[{"embeddable":true,"href":"https:\/\/jorgezanoni.com.br\/2019\/wp-json\/wp\/v2\/users\/1"}],"replies":[{"embeddable":true,"href":"https:\/\/jorgezanoni.com.br\/2019\/wp-json\/wp\/v2\/comments?post=67147"}],"version-history":[{"count":1,"href":"https:\/\/jorgezanoni.com.br\/2019\/wp-json\/wp\/v2\/posts\/67147\/revisions"}],"predecessor-version":[{"id":67149,"href":"https:\/\/jorgezanoni.com.br\/2019\/wp-json\/wp\/v2\/posts\/67147\/revisions\/67149"}],"wp:featuredmedia":[{"embeddable":true,"href":"https:\/\/jorgezanoni.com.br\/2019\/wp-json\/wp\/v2\/media\/67148"}],"wp:attachment":[{"href":"https:\/\/jorgezanoni.com.br\/2019\/wp-json\/wp\/v2\/media?parent=67147"}],"wp:term":[{"taxonomy":"category","embeddable":true,"href":"https:\/\/jorgezanoni.com.br\/2019\/wp-json\/wp\/v2\/categories?post=67147"},{"taxonomy":"post_tag","embeddable":true,"href":"https:\/\/jorgezanoni.com.br\/2019\/wp-json\/wp\/v2\/tags?post=67147"}],"curies":[{"name":"wp","href":"https:\/\/api.w.org\/{rel}","templated":true}]}}